{"id":1165,"date":"2015-11-11T20:14:56","date_gmt":"2015-11-11T19:14:56","guid":{"rendered":"http:\/\/www.tiendashoke.es\/blog\/?p=1165"},"modified":"2020-01-29T12:23:24","modified_gmt":"2020-01-29T11:23:24","slug":"como-deberian-de-actuar-los-mossos-descuadra-si-reciben-ordenes-contrarias-a-la-legalidad","status":"publish","type":"post","link":"https:\/\/www.tiendashoke.es\/blog\/como-deberian-de-actuar-los-mossos-descuadra-si-reciben-ordenes-contrarias-a-la-legalidad\/","title":{"rendered":"\u00bfC\u00f3mo deber\u00edan de actuar los Mossos d\u2019Escuadra si reciben \u00f3rdenes contrarias a la legalidad?"},"content":{"rendered":"<p class=\"p1\" style=\"text-align: justify\">La Fiscal\u00eda ha sacado bandera roja para advertir y para garantizar la seguridad. Nada menos que\u00a0<b>23.000 agentes est\u00e1n velando por que se cumpla la ley en Catalu\u00f1a estos d\u00edas<\/b>. En concreto, el fiscal jefe de la Audiencia Nacional, Javier Zaragoza, ha ordenado a los Mossos d&#8217;Esquadra, a la Polic\u00eda Nacional y a la Guardia Civil que act\u00faen si durante el \u2018proceso independentista catal\u00e1n\u2019\u00a0<b>se produjera un delito de sedici\u00f3n\u00a0<\/b>(levantamiento de un grupo de personas contra un gobierno con el fin de derrocarlo).<\/p>\n<p class=\"p1\" style=\"text-align: justify\"><a href=\"https:\/\/www.tiendashoke.es\/blog\/wp-content\/uploads\/mossos-.jpg\"><img decoding=\"async\" class=\"aligncenter size-full wp-image-1167 lazyload\" data-src=\"https:\/\/www.tiendashoke.es\/blog\/wp-content\/uploads\/mossos-.jpg\" alt=\"mossos\" width=\"620\" height=\"282\" title=\"\" data-srcset=\"https:\/\/www.tiendashoke.es\/blog\/wp-content\/uploads\/mossos-.jpg 620w, https:\/\/www.tiendashoke.es\/blog\/wp-content\/uploads\/mossos--300x136.jpg 300w\" data-sizes=\"(max-width: 620px) 100vw, 620px\" src=\"data:image\/svg+xml;base64,PHN2ZyB3aWR0aD0iMSIgaGVpZ2h0PSIxIiB4bWxucz0iaHR0cDovL3d3dy53My5vcmcvMjAwMC9zdmciPjwvc3ZnPg==\" style=\"--smush-placeholder-width: 620px; --smush-placeholder-aspect-ratio: 620\/282;\" \/><\/a><\/p>\n<p class=\"p3\" style=\"text-align: justify\"><span class=\"s1\">La Fiscal\u00eda pone por tanto en alerta las fuerzas de Seguridad en Catalu\u00f1a, teme que una vez que el Tribunal Constitucional suspenda la resoluci\u00f3n de ruptura aprobada en El Parlamento auton\u00f3mico se produzca una rebeli\u00f3n. Ya se ha invocado el art\u00edculo 161 de la Carta Magna que dice que<b>\u00a0la moci\u00f3n secesionista es una insumisi\u00f3n al Estado.\u00a0<\/b>El Rey ha suspendido su agenda para seguir minuto a minuto los acontecimientos que se est\u00e1n desarrollando este mi\u00e9rcoles.<\/span><\/p>\n<p class=\"p3\" style=\"text-align: justify\"><span class=\"s1\">\u2018Cualquier persona que se manifieste contra la asamblea legislativa del Parlamento Catal\u00e1n podr\u00edan ser un reo de diferentes delitos\u2019, asegur\u00f3 ayer el abogado Marcos Garc\u00eda Montes en el programa\u00a0<b>Diario de la Noche<\/b>\u00a0(Pod\u00e9is acceder al programa completo a trav\u00e9s de\u00a0<a href=\"http:\/\/www.telemadrid.es\/programas\/diario-de-la-noche\/diario-de-la-noche-11112015\" target=\"_blank\" rel=\"noopener\"><span class=\"s2\">este link<\/span><\/a>).<\/span><\/p>\n<p class=\"p3\" style=\"text-align: justify\"><span class=\"s1\">El abogado insiste en que es un tema muy serio dado que se trata de atentar contra la Constituci\u00f3n. Con respecto a la actuaci\u00f3n de los Mossos, indica que tienen la obligaci\u00f3n legal,\u00a0<b>dado que han jurado la Constituci\u00f3n Espa\u00f1ola,<\/b>\u00a0<b>de atender las \u00f3rdenes de la Fiscal\u00eda de la Audiencia Nacional<\/b>. Adem\u00e1s, si detienen a alguna persona que incumpla la ley no la tendr\u00e1n que poner a disposici\u00f3n del juzgado de guardia de Barcelona sino de la Audiencia Nacional (ya que el el \u00f3rgano competente para este tipo de delitos).<\/span><\/p>\n<p class=\"p5\" style=\"text-align: justify\"><span class=\"s3\"><a href=\"http:\/\/www.libertaddigital.com\/espana\/politica\/2015-11-10\/los-mossos-descuadra-preocupados-de-la-orden-de-la-fiscalia-piden-quedar-al-margen-1276561200\/\" target=\"_blank\" rel=\"noopener\">Seg\u00fan han informado a Efe fuentes policiales,\u00a0<\/a><\/span><span class=\"s1\">en el seno de las bases de los Mossos d&#8217;Esquadra se ha recibido con preocupaci\u00f3n esta orden. La mayor\u00eda de agentes se han enterado por la prensa, ya que, hasta el momento, no han recibido ning\u00fan tipo de directriz al respecto por parte de la consejer\u00eda de Interior ni de la c\u00fapula de la polic\u00eda catalana.\u00a0 Por el contrario,\u00a0<b>David Miquel,<\/b>\u00a0Portavoz del Sindicato de Polic\u00edas de Catalu\u00f1a, asegura que en general los Mossos est\u00e1n tranquilos. Por ley tienen que actuar con\u00a0<b>absoluta neutralidad pol\u00edtica e imparcialidad.\u00a0<\/b>\u2018La propia ley de la Generalitat deja muy claro que tenemos que hacer cumplir con la Constituci\u00f3n\u2019, ha indicado David Miquel.\u00a0<\/span><\/p>\n<p class=\"p3\" style=\"text-align: justify\"><span class=\"s1\">Desde SHOKE queremos hacer una llamada a la paz y la tranquilidad. Pase lo que pase, la defensa de la seguridad est\u00e9 por encima de cualquier otra cosa.<\/span><\/p>\n","protected":false},"excerpt":{"rendered":"<p>La Fiscal\u00eda ha sacado bandera roja para advertir y para garantizar la seguridad. Nada menos que\u00a023.000 agentes est\u00e1n velando por que se cumpla la ley en Catalu\u00f1a estos d\u00edas. En concreto, el fiscal jefe de la Audiencia Nacional, Javier Zaragoza, ha ordenado a los Mossos d&#8217;Esquadra, a la Polic\u00eda Nacional y a la Guardia Civil que act\u00faen si durante el \u2018proceso independentista catal\u00e1n\u2019\u00a0se produjera un delito de sedici\u00f3n\u00a0(levantamiento de un grupo de personas contra un gobierno con el fin de derrocarlo). La Fiscal\u00eda pone por tanto en alerta las fuerzas de Seguridad en Catalu\u00f1a, teme que una vez que el Tribunal Constitucional suspenda la resoluci\u00f3n de ruptura aprobada en El Parlamento auton\u00f3mico se produzca una rebeli\u00f3n. Ya se ha invocado el art\u00edculo 161 de la Carta Magna que dice que\u00a0la moci\u00f3n secesionista es una insumisi\u00f3n al Estado.\u00a0El Rey ha suspendido su agenda para seguir minuto a minuto los acontecimientos que se est\u00e1n desarrollando este mi\u00e9rcoles. \u2018Cualquier persona que se manifieste contra la asamblea legislativa del Parlamento Catal\u00e1n podr\u00edan ser un reo de diferentes delitos\u2019, asegur\u00f3 ayer el abogado Marcos Garc\u00eda Montes en el programa\u00a0Diario de la Noche\u00a0(Pod\u00e9is acceder al programa completo a trav\u00e9s de\u00a0este link). El abogado insiste en que [&hellip;]<\/p>\n","protected":false},"author":3,"featured_media":1166,"comment_status":"open","ping_status":"open","sticky":false,"template":"","format":"standard","meta":{"footnotes":""},"categories":[615,161],"tags":[109],"class_list":["post-1165","post","type-post","status-publish","format-standard","has-post-thumbnail","hentry","category-actualidad","category-mundo-shoke","tag-botas"],"_links":{"self":[{"href":"https:\/\/www.tiendashoke.es\/blog\/wp-json\/wp\/v2\/posts\/1165","targetHints":{"allow":["GET"]}}],"collection":[{"href":"https:\/\/www.tiendashoke.es\/blog\/wp-json\/wp\/v2\/posts"}],"about":[{"href":"https:\/\/www.tiendashoke.es\/blog\/wp-json\/wp\/v2\/types\/post"}],"author":[{"embeddable":true,"href":"https:\/\/www.tiendashoke.es\/blog\/wp-json\/wp\/v2\/users\/3"}],"replies":[{"embeddable":true,"href":"https:\/\/www.tiendashoke.es\/blog\/wp-json\/wp\/v2\/comments?post=1165"}],"version-history":[{"count":0,"href":"https:\/\/www.tiendashoke.es\/blog\/wp-json\/wp\/v2\/posts\/1165\/revisions"}],"wp:featuredmedia":[{"embeddable":true,"href":"https:\/\/www.tiendashoke.es\/blog\/wp-json\/wp\/v2\/media\/1166"}],"wp:attachment":[{"href":"https:\/\/www.tiendashoke.es\/blog\/wp-json\/wp\/v2\/media?parent=1165"}],"wp:term":[{"taxonomy":"category","embeddable":true,"href":"https:\/\/www.tiendashoke.es\/blog\/wp-json\/wp\/v2\/categories?post=1165"},{"taxonomy":"post_tag","embeddable":true,"href":"https:\/\/www.tiendashoke.es\/blog\/wp-json\/wp\/v2\/tags?post=1165"}],"curies":[{"name":"wp","href":"https:\/\/api.w.org\/{rel}","templated":true}]}}