{"id":2071,"date":"2019-03-19T09:00:21","date_gmt":"2019-03-19T08:00:21","guid":{"rendered":"http:\/\/www.tiendashoke.es\/blog\/?p=2071"},"modified":"2020-01-29T13:45:59","modified_gmt":"2020-01-29T12:45:59","slug":"inseguridad-privada-la-falta-proteccion-los-vigilantes-seguridad","status":"publish","type":"post","link":"https:\/\/www.tiendashoke.es\/blog\/inseguridad-privada-la-falta-proteccion-los-vigilantes-seguridad\/","title":{"rendered":"(In)Seguridad Privada: la falta de protecci\u00f3n de los vigilantes de seguridad"},"content":{"rendered":"<h2>Cada vez son m\u00e1s las noticias que hablan de agresiones a vigilantes de seguridad y la inseguridad que sienten simplemente por ir a trabajar. Hoy en Tienda Shoke queremos hacer un repaso a por qu\u00e9 los vigilantes de seguridad se sienten desprotegidos.<\/h2>\n<p><!--more--><\/p>\n<p>Recientemente hemos compartido en nuestro Facebook, una noticia sobre los vigilantes de seguridad del metro en la que el Presidente de la Comunidad de Madrid afirmaba que la <a href=\"https:\/\/www.elboletin.com\/noticia\/171623\/nacional\/la-comunidad-se-desentiende-de-la-salud-de-los-vigilantes-de-seguridad-del-metro-de-madrid.html?utm_source=articulos&amp;utm_medium=enlaces&amp;utm_campaign=contenidos\" target=\"_blank\" rel=\"noopener\">seguridad de estos trabajadores no era su competencia<\/a>, pues eran trabajadores externos a metro. Esta falta de implicaci\u00f3n de la Administraci\u00f3n P\u00fablica unida a las limitaciones de su reglamento y al poco apoyo que muchas veces los vigilantes consideran que tienen de las empresas y sindicatos, ha creado una situaci\u00f3n que parece imposible de solucionar.<\/p>\n<p>En Tienda Shoke siempre hemos estado del lado de los vigilantes de seguridad, compartiendo y dando voz a sus demandas. Por ello, hoy queremos hablar de la inseguridad en la seguridad privada, a trav\u00e9s de sus principales demandas.<\/p>\n<h2>\u00bfPor qu\u00e9 los vigilantes de seguridad est\u00e1n inseguros en su puesto de trabajo?<\/h2>\n<p><strong>1. No son agentes de la autoridad:<\/strong> una de las principales reclamaciones de los vigilantes, que se ha mantenido durante a\u00f1os, es volver a ser considerados agentes de la autoridad. En un <a href=\"https:\/\/www.tiendashoke.es\/blog\/deben-los-vigilantes-seguridad-considerados-agentes-autoridad-ventajas-tendrian-los-vigilantes-seguridad-se-consideran-agentes-autoridad\/?utm_source=articulos&amp;utm_medium=enlaces&amp;utm_campaign=contenidos\" target=\"_blank\" rel=\"noopener\">post anterior<\/a> ya hablamos de las ventajas que obtendr\u00edan los vigilantes de seguridad si tuviesen tal consideraci\u00f3n, siendo la principal de ellas que las agresiones que pudiesen vivir, no quedar\u00edan exentas de castigo.<\/p>\n<p><strong>\u00a0<\/strong>Los vigilantes de seguridad son los primeros que llegan al lugar, cuando algo ocurre y son las personas que se encargan de mantener la seguridad y el orden en m\u00faltiples zonas y establecimientos. Sin embargo, si una persona les agrede, la pena que se le impone es mucho inferior a la de agentes de la autoridad como los polic\u00edas. Tanto es as\u00ed, que muchas veces se limitan a penas econ\u00f3micas. Los vigilantes se sienten inseguros porque consideran que si sufren alg\u00fan tipo de agresi\u00f3n por el mero hecho de estar haciendo su trabajo, no habr\u00e1 ninguna pena para los agresores. Sin embargo, si ellos se defienden, ah\u00ed s\u00ed habr\u00eda un problema legal.<\/p>\n<p><strong>2. No cuentan con los medios suficientes:<\/strong> actualmente el equipamiento con el que cuentan los trabajadores de seguridad privada son una defensa de 50 cm y unos grilletes de cadena. Esta falta de herramientas para su defensa y la del ciudadano, es otra de las principales quejas de los vigilantes y que nos lleva a ver ir\u00f3nicos titulares como este, en el que <a href=\"https:\/\/www.lasprovincias.es\/sucesos\/agresion-porra-vigilante-torrent-20190216134415-nt.html?utm_source=articulos&amp;utm_medium=enlaces&amp;utm_campaign=contenidos\" target=\"_blank\" rel=\"noopener\">un hombre agredi\u00f3 a un trabajador de seguridad privada con una defensa extensible<\/a>, una herramienta de seguridad que los vigilantes normalmente no pueden utilizar en su servicio.<\/p>\n<p><strong>\u00a0<\/strong>Adem\u00e1s, la utilizaci\u00f3n de un arma de fuego en un servicio de seguridad privada est\u00e1 prohibida, salvo contadas excepciones. Y en estos casos particulares, solo pueden portar rev\u00f3lveres Astra que solo pueden conseguirse de segunda mano en armer\u00edas como Tienda Shoke, ya que la fabrica cerr\u00f3 hace a\u00f1os. Esta falta de medios no tiene relaci\u00f3n con su nivel de riesgo, pues muchas veces se enfrentan al mismo riesgo que los cuerpos de seguridad del Estado. Un claro ejemplo, lidiar con los ultras en los campos de f\u00fatbol.<\/p>\n<p><strong>3. Sienten poco apoyo por las empresas y los sindicatos:<\/strong> en Tienda Shoke solemos compartir noticias sobre vigilantes de seguridad en nuestras redes y en ellas, son muchos los trabajadores del sector que nos cuentan que no se sienten apoyados por sus empresas y sindicatos. Por ejemplo, sienten que el material que les aportan las empresas no es suficiente y que los sindicatos no consiguen realmente solucionar los problemas de inseguridad que enfrentan en su d\u00eda a d\u00eda.<\/p>\n<p><strong>\u00a04.\u00a0<\/strong><strong>Los medios de comunicaci\u00f3n, no se hacen eco de sus demandas:<\/strong> y cuando una noticia de vigilantes de seguridad se hace viral, suele estar relacionada con alguna actuaci\u00f3n que consideran err\u00f3nea y que hace que la gente critique fuertemente al sector. Un ejemplo reciente, es la actuaci\u00f3n del vigilante de Renfe que fue apartado de su trabajo tras un enfrentamiento con una persona de color. Otras noticias de las agresiones que viven ellos todos los d\u00edas, no suelen ser noticia ni recibir tanta atenci\u00f3n medi\u00e1tica.<\/p>\n<p><strong>\u00a0<\/strong>Que las personas que se encarguen de la seguridad de privada de todos los ciudadanos, se sientan ellas mismas inseguras, demuestras que todav\u00eda hay mucho por conseguir. En Tienda Shoke esperamos que muy pronto, las personas vayan notando la importancia de las demandas de los vigilantes de seguridad y estos trabajadores, puedan ir a trabajar de forma seguridad.<\/p>\n","protected":false},"excerpt":{"rendered":"<p>Cada vez son m\u00e1s las noticias que hablan de agresiones a vigilantes de seguridad y la inseguridad que sienten simplemente por ir a trabajar. Hoy en Tienda Shoke queremos hacer un repaso a por qu\u00e9 los vigilantes de seguridad se sienten desprotegidos.<\/p>\n","protected":false},"author":3,"featured_media":2072,"comment_status":"open","ping_status":"open","sticky":false,"template":"","format":"standard","meta":{"footnotes":""},"categories":[615],"tags":[623],"class_list":["post-2071","post","type-post","status-publish","format-standard","has-post-thumbnail","hentry","category-actualidad","tag-cuerpos-seguridad"],"_links":{"self":[{"href":"https:\/\/www.tiendashoke.es\/blog\/wp-json\/wp\/v2\/posts\/2071","targetHints":{"allow":["GET"]}}],"collection":[{"href":"https:\/\/www.tiendashoke.es\/blog\/wp-json\/wp\/v2\/posts"}],"about":[{"href":"https:\/\/www.tiendashoke.es\/blog\/wp-json\/wp\/v2\/types\/post"}],"author":[{"embeddable":true,"href":"https:\/\/www.tiendashoke.es\/blog\/wp-json\/wp\/v2\/users\/3"}],"replies":[{"embeddable":true,"href":"https:\/\/www.tiendashoke.es\/blog\/wp-json\/wp\/v2\/comments?post=2071"}],"version-history":[{"count":0,"href":"https:\/\/www.tiendashoke.es\/blog\/wp-json\/wp\/v2\/posts\/2071\/revisions"}],"wp:featuredmedia":[{"embeddable":true,"href":"https:\/\/www.tiendashoke.es\/blog\/wp-json\/wp\/v2\/media\/2072"}],"wp:attachment":[{"href":"https:\/\/www.tiendashoke.es\/blog\/wp-json\/wp\/v2\/media?parent=2071"}],"wp:term":[{"taxonomy":"category","embeddable":true,"href":"https:\/\/www.tiendashoke.es\/blog\/wp-json\/wp\/v2\/categories?post=2071"},{"taxonomy":"post_tag","embeddable":true,"href":"https:\/\/www.tiendashoke.es\/blog\/wp-json\/wp\/v2\/tags?post=2071"}],"curies":[{"name":"wp","href":"https:\/\/api.w.org\/{rel}","templated":true}]}}