{"id":2603,"date":"2019-09-27T08:00:46","date_gmt":"2019-09-27T07:00:46","guid":{"rendered":"http:\/\/www.tiendashoke.es\/blog\/?p=2603"},"modified":"2020-01-29T12:40:06","modified_gmt":"2020-01-29T11:40:06","slug":"equiparacion-salarial-policia-guardia-civil","status":"publish","type":"post","link":"https:\/\/www.tiendashoke.es\/blog\/equiparacion-salarial-policia-guardia-civil\/","title":{"rendered":"\u00bfQu\u00e9 es la equiparaci\u00f3n salarial de la Polic\u00eda y Guardia Civil y por qu\u00e9 es tan necesaria?"},"content":{"rendered":"<p><span style=\"font-weight: 400;\">\u00daltimamente habr\u00e1s escuchado hablar mucho de la\u00a0<b>equiparaci\u00f3n salarial de la polic\u00eda y la guardia civil<\/b>,<b>\u00a0<\/b>\u00bfverdad?<b>\u00a0<\/b>Es que, desde hace a\u00f1os, los cuerpos de seguridad estatales se han estado quejando de la disparidad salarial que sufr\u00edan con respecto a sus hom\u00f3logos auton\u00f3micos o locales. Y ante la inactividad de los diferentes Gobiernos espa\u00f1oles, los agentes han decidido unirse para <\/span><span style=\"font-weight: 400;\">luchar por sus derechos.<\/span><\/p>\n<p>Teniendo en cuenta que hablamos de un tema muy complejo, en<b> Tienda Shoke <\/b>queremos explicarte en detalle este fen\u00f3meno.<span style=\"font-weight: 400;\">\u00a0Viendo no s\u00f3lo qu\u00e9 es, sino tambi\u00e9n analizando el por qu\u00e9 es tan necesario solucionar este problema y si la respuesta que est\u00e1 dando el Ministerio del Interior, es la adecuada. \u00a1No os lo perd\u00e1is!<\/span><\/p>\n<h2><strong>\u00a0\u00bfQu\u00e9 es la equiparaci\u00f3n salarial de la Polic\u00eda y la Guardia <\/strong><strong>Civil?\u00a0<\/strong><\/h2>\n<p><span style=\"font-weight: 400;\">Se trata de un proceso que se est\u00e1 realizando actualmente en Espa\u00f1a y que <\/span>tiene el objetivo de lograr la<b> equiparaci\u00f3n salarial de la Polic\u00eda Nacional y la Guardia Civil <\/b>en 2019, con respecto a los sueldos cobrados por los polic\u00edas municipales<span style=\"font-weight: 400;\">\u00a0o auton\u00f3micos, como los Mossos d&#8217;Escuadra y la\u00a0Ertzaintza.<\/span><\/p>\n<p><span style=\"font-weight: 400;\">Al igual que otros movimientos en el pasado, como la inclusi\u00f3n de las <a href=\"https:\/\/www.tiendashoke.es\/blog\/las-mujeres-policia-espana-abriendose-paso-mundo-historicamente-masculino\/\" target=\"_blank\" rel=\"noopener\">mujeres en la Polic\u00eda<\/a>, este fen\u00f3meno ha supuesto un paso adelante y un completo hito en el panorama policial. Ya que,\u00a0<\/span>por primera vez,<b> ambos cuerpos se un\u00edan para luchar por sus derechos.<\/b><span style=\"font-weight: 400;\">\u00a0<\/span><\/p>\n<p><span style=\"font-weight: 400;\">Todas las fuerzas nacionales del orden, han sacado sus reivindicaciones a la calle, apareciendo en todo tipo de medios informativos y <\/span><b>cambiando totalmente el panorama sindical<\/b><span style=\"font-weight: 400;\"> que estuvo establecido durante d\u00e9cadas.<\/span><\/p>\n<p><img decoding=\"async\" class=\"aligncenter wp-image-2607 size-full lazyload\" title=\"equiparacion salarial policia y guardia civil\" data-src=\"https:\/\/www.tiendashoke.es\/blog\/wp-content\/uploads\/equiparacion-salarial-policia-y-guardia-civil.jpg\" alt=\"equiparacion salarial policia y guardia civil\" width=\"800\" height=\"533\" data-srcset=\"https:\/\/www.tiendashoke.es\/blog\/wp-content\/uploads\/equiparacion-salarial-policia-y-guardia-civil.jpg 800w, https:\/\/www.tiendashoke.es\/blog\/wp-content\/uploads\/equiparacion-salarial-policia-y-guardia-civil-300x200.jpg 300w, https:\/\/www.tiendashoke.es\/blog\/wp-content\/uploads\/equiparacion-salarial-policia-y-guardia-civil-768x512.jpg 768w\" data-sizes=\"(max-width: 800px) 100vw, 800px\" src=\"data:image\/svg+xml;base64,PHN2ZyB3aWR0aD0iMSIgaGVpZ2h0PSIxIiB4bWxucz0iaHR0cDovL3d3dy53My5vcmcvMjAwMC9zdmciPjwvc3ZnPg==\" style=\"--smush-placeholder-width: 800px; --smush-placeholder-aspect-ratio: 800\/533;\" \/><\/p>\n<h2><strong>\u00bfPor qu\u00e9 es necesaria a nivel nacional la equiparaci\u00f3n salarial de la Polic\u00eda y la Guardia Civil?<\/strong><\/h2>\n<p><span style=\"font-weight: 400;\">Es una reclamaci\u00f3n necesaria y justa<\/span> <span style=\"font-weight: 400;\">porque <\/span>durante a\u00f1os miles de agentes se han sentido discriminados<span style=\"font-weight: 400;\"> al no poder dar una buena respuesta a una pregunta: <\/span><b>si se realiza el mismo trabajo que la polic\u00eda municipal, \u00bfpor qu\u00e9 no se cobra el mismo sueldo?<\/b><\/p>\n<p><span style=\"font-weight: 400;\">Como los agentes de ambos cuerpos policiales dejaron de sentirse representados por sus l\u00edderes sindicales, <\/span>se unieron para alcanzar su objetivo y de esta forma, <strong>naci\u00f3<\/strong><b> Jusapol<\/b><span style=\"font-weight: 400;\"> (y posteriormente Jupol), una plataforma que r\u00e1pidamente gan\u00f3 adeptos bajo su lema de Equiparaci\u00f3n YA.<\/span><\/p>\n<p><span style=\"font-weight: 400;\">La <strong>e<\/strong><\/span><strong>quiparaci\u00f3n salarial de la Polic\u00eda y la Guardia Civil finalmente se<\/strong><b> firma entre Zoido y sindicatos como SUP y AUGC<\/b><span style=\"font-weight: 400;\"> y se establece que se destinar\u00e1n 1.200 millones a solucionar este problema, en un periodo de tres a\u00f1os. Es en este momento que <\/span><b>Jusapol afirma que los sindicatos se \u201chan vendido\u201d<\/b><span style=\"font-weight: 400;\"> y que lo alcanzado en el acuerdo, dista mucho de ser suficiente para los agentes.<\/span><\/p>\n<p><span style=\"font-weight: 400;\">Con el acuerdo ya firmado, se produce un cambio pol\u00edtico en Espa\u00f1a en forma de moci\u00f3n de censura que lleva a Pedro S\u00e1nchez al Gobierno y Fernando Grande-Marlaska es nombrado Ministro del Interior.<\/span><\/p>\n<p>Y aunque el proceso de equiparaci\u00f3n salarial de la Guardia Civil y la Polic\u00eda Nacional sigue su curso,<b> un informe solicitado a una consultora externa, termina por desatar de nuevo el conflicto<\/b><span style=\"font-weight: 400;\"> entre Jupol, que ha alcanzado la mayor\u00eda absoluta en el Consejo Policial, y el Ministerio.<\/span><\/p>\n<h2><strong>An\u00e1lisis del informe sobre equiparaci\u00f3n salarial del ministerio de interior<\/strong><\/h2>\n<p><span style=\"font-weight: 400;\">\u00bfEs suficiente el dinero destinado a la Equiparaci\u00f3n Salarial de la Polic\u00eda y la Guardia Civil? <\/span><b>El Ministerio del Interior encarg\u00f3 un Informe a una consultora externa para analizar este proceso <\/b>y lo cierto es que las conclusiones no han gustado<span style=\"font-weight: 400;\">, pues lo que establec\u00eda el informe primero era obviado en la revisi\u00f3n solicitada por el Ministerio.<\/span><\/p>\n<p><img decoding=\"async\" class=\"aligncenter size-full wp-image-2622 lazyload\" data-src=\"https:\/\/www.tiendashoke.es\/blog\/wp-content\/uploads\/equiparacion-salarial-guardia-civil.jpeg\" alt=\"equiparacion-salarial-guardia-civil\" width=\"800\" height=\"400\" title=\"\" data-srcset=\"https:\/\/www.tiendashoke.es\/blog\/wp-content\/uploads\/equiparacion-salarial-guardia-civil.jpeg 800w, https:\/\/www.tiendashoke.es\/blog\/wp-content\/uploads\/equiparacion-salarial-guardia-civil-300x150.jpeg 300w, https:\/\/www.tiendashoke.es\/blog\/wp-content\/uploads\/equiparacion-salarial-guardia-civil-768x384.jpeg 768w\" data-sizes=\"(max-width: 800px) 100vw, 800px\" src=\"data:image\/svg+xml;base64,PHN2ZyB3aWR0aD0iMSIgaGVpZ2h0PSIxIiB4bWxucz0iaHR0cDovL3d3dy53My5vcmcvMjAwMC9zdmciPjwvc3ZnPg==\" style=\"--smush-placeholder-width: 800px; --smush-placeholder-aspect-ratio: 800\/400;\" \/><\/p>\n<h3><strong>\u00a1No existe una igualdad real!<\/strong><\/h3>\n<p><b>Los 807 millones <\/b>destinados para alcanzar la equiparaci\u00f3n salarial<span style=\"font-weight: 400;\"> de la guardia civil y la polic\u00eda en 2019 (tercer tramo), <\/span><b>son insuficientes<\/b><span style=\"font-weight: 400;\">. Por tanto, no se lograr\u00e1 el objetivo real,<\/span> <span style=\"font-weight: 400;\">sino que solo habr\u00e1 un aumento salarial. Algo que queda claro porque la consultora no ha tenido acceso completo a las retribuciones que reciben, por ejemplo, los Mossos o la Ertzaintza.<\/span><\/p>\n<h3><strong>La eliminaci\u00f3n de los pluses de los agentes en Catalu\u00f1a y Pa\u00eds Vasco<\/strong><\/h3>\n<p><span style=\"font-weight: 400;\">Los <\/span>agentes que eleg\u00edan estas dos Comunidades Aut\u00f3nomas<span style=\"font-weight: 400;\"> para realizar su trabajo, siempre han recibido un <\/span><b>plus salarial por peligrosidad<\/b><span style=\"font-weight: 400;\"> que el informe encargado a la consultora externa parece querer eliminar, para intentar lograr la equiparaci\u00f3n salarial de la Guardia Civil y la Polic\u00eda.<\/span><\/p>\n<p><span style=\"font-weight: 400;\">Sin embargo,\u00a0 <\/span><b>si este extra se elimina, ser\u00e1n muchos los agentes que quieran cambiar de destino<\/b><span style=\"font-weight: 400;\">, pues su trabajo ser\u00e1 m\u00e1s peligroso que en otras zonas y no tendr\u00e1 ning\u00fan tipo de ayuda o retribuci\u00f3n extra.<\/span><\/p>\n<h3><strong>No se ha consultado a las asociaciones ni a los sindicatos en muchos puntos<\/strong><\/h3>\n<p><span style=\"font-weight: 400;\">Las asociaciones y sindicatos de Polic\u00eda y Guardia Civil relatan que <\/span><b>este proceso est\u00e1 siendo muy opaco <\/b>por parte del Ministerio del Interior<span style=\"font-weight: 400;\"> y que <\/span>hay muchos puntos que no se han debatido<span style=\"font-weight: 400;\"> como el tema de las medallas pensionadas.<\/span><\/p>\n<blockquote>\n<p style=\"text-align: center;\"><strong>\u00a0\u00abNo han contado con nosotros para hablar de los pluses de peligrosidad o de las medallas. Si lo hubieran hecho, les habr\u00edamos explicado que son conceptos con muchas particularidades y que no deber\u00edan abordarlos en este tipo de informe\u00bb.<\/strong><\/p>\n<\/blockquote>\n<p><span style=\"font-weight: 400;\">Tambi\u00e9n ha existido una grave pol\u00e9mica porque <\/span>desde Interior<b> se ha excluido al principal representante del Consejo Policial, Jupol, <\/b>de las nuevas reuniones que ha habido con otros sindicatos<span style=\"font-weight: 400;\">, debido a que esta asociaci\u00f3n no estuvo en las primeras reuniones porque no acept\u00f3 el acuerdo que otros sindicatos s\u00ed firmaron.<\/span><span style=\"font-weight: 400;\">\u00a0<\/span><\/p>\n<h3><strong>Equiparaci\u00f3n salarial para la Polic\u00eda Nacional\u2026 \u00bfy la Guardia Civil?\u00a0<\/strong><\/h3>\n<p>El informe establece que<b> un 1,7% m\u00e1s del dinero destinado a la equiparaci\u00f3n salarial ir\u00e1 a parar a la Polic\u00eda Nacional<\/b><span style=\"font-weight: 400;\"> en detrimento de la Guardia Civil. La pregunta es clara: si ambos cuerpos est\u00e1n luchando por lograr el mismo objetivo, <\/span>\u00bfpor qu\u00e9 uno de ellos va a recibir m\u00e1s fondos?<\/p>\n<h3><b>Conclusi\u00f3n<\/b><\/h3>\n<p><span style=\"font-weight: 400;\">La equiparaci\u00f3n salarial de la Guardia Civil y la Polic\u00eda Nacional en 2019 parece que no va a llegar y que los agentes todav\u00eda tienen mucho que luchar. Adem\u00e1s, tras no llegar a un acuerdo de formaci\u00f3n de Gobierno, este proceso ha quedado paralizada hasta que se logre un Gobierno estable.<\/span><\/p>\n<h4><b>Y t\u00fa \u00bfqu\u00e9 opinas sobre el conflicto que existe por las diferencias salariales? \u00bfdeber\u00edan de cobrar lo mismo los distintos cuerpos de seguridad?<\/b><\/h4>\n<p><span style=\"font-weight: 400;\">En tienda Shoke nos encantar\u00eda conocer tu opini\u00f3n y por eso nos gustar\u00eda que nos dejaras un comentario cont\u00e1ndonos tu punto de vista.\u00a0\u00a0<\/span><\/p>\n","protected":false},"excerpt":{"rendered":"<p>\u00daltimamente habr\u00e1s escuchado hablar mucho de la\u00a0equiparaci\u00f3n salarial de la polic\u00eda y la guardia civil,\u00a0\u00bfverdad?\u00a0Es que, desde hace a\u00f1os, los cuerpos de seguridad estatales se han estado quejando de la disparidad salarial que sufr\u00edan con respecto a sus hom\u00f3logos auton\u00f3micos o locales. Y ante la inactividad de los diferentes Gobiernos espa\u00f1oles, los agentes han decidido unirse para luchar por sus derechos. Teniendo en cuenta que hablamos de un tema muy complejo, en Tienda Shoke queremos explicarte en detalle este fen\u00f3meno.\u00a0Viendo no s\u00f3lo qu\u00e9 es, sino tambi\u00e9n analizando el por qu\u00e9 es tan necesario solucionar este problema y si la respuesta que est\u00e1 dando el Ministerio del Interior, es la adecuada. \u00a1No os lo perd\u00e1is! \u00a0\u00bfQu\u00e9 es la equiparaci\u00f3n salarial de la Polic\u00eda y la Guardia Civil?\u00a0 Se trata de un proceso que se est\u00e1 realizando actualmente en Espa\u00f1a y que tiene el objetivo de lograr la equiparaci\u00f3n salarial de la Polic\u00eda Nacional y la Guardia Civil en 2019, con respecto a los sueldos cobrados por los polic\u00edas municipales\u00a0o auton\u00f3micos, como los Mossos d&#8217;Escuadra y la\u00a0Ertzaintza. Al igual que otros movimientos en el pasado, como la inclusi\u00f3n de las mujeres en la Polic\u00eda, este fen\u00f3meno ha supuesto un paso adelante y [&hellip;]<\/p>\n","protected":false},"author":3,"featured_media":2624,"comment_status":"open","ping_status":"open","sticky":false,"template":"","format":"standard","meta":{"footnotes":""},"categories":[615],"tags":[623,470,251],"class_list":["post-2603","post","type-post","status-publish","format-standard","has-post-thumbnail","hentry","category-actualidad","tag-cuerpos-seguridad","tag-legislacion-reglamentos","tag-oposiciones"],"_links":{"self":[{"href":"https:\/\/www.tiendashoke.es\/blog\/wp-json\/wp\/v2\/posts\/2603","targetHints":{"allow":["GET"]}}],"collection":[{"href":"https:\/\/www.tiendashoke.es\/blog\/wp-json\/wp\/v2\/posts"}],"about":[{"href":"https:\/\/www.tiendashoke.es\/blog\/wp-json\/wp\/v2\/types\/post"}],"author":[{"embeddable":true,"href":"https:\/\/www.tiendashoke.es\/blog\/wp-json\/wp\/v2\/users\/3"}],"replies":[{"embeddable":true,"href":"https:\/\/www.tiendashoke.es\/blog\/wp-json\/wp\/v2\/comments?post=2603"}],"version-history":[{"count":0,"href":"https:\/\/www.tiendashoke.es\/blog\/wp-json\/wp\/v2\/posts\/2603\/revisions"}],"wp:featuredmedia":[{"embeddable":true,"href":"https:\/\/www.tiendashoke.es\/blog\/wp-json\/wp\/v2\/media\/2624"}],"wp:attachment":[{"href":"https:\/\/www.tiendashoke.es\/blog\/wp-json\/wp\/v2\/media?parent=2603"}],"wp:term":[{"taxonomy":"category","embeddable":true,"href":"https:\/\/www.tiendashoke.es\/blog\/wp-json\/wp\/v2\/categories?post=2603"},{"taxonomy":"post_tag","embeddable":true,"href":"https:\/\/www.tiendashoke.es\/blog\/wp-json\/wp\/v2\/tags?post=2603"}],"curies":[{"name":"wp","href":"https:\/\/api.w.org\/{rel}","templated":true}]}}