{"id":6711,"date":"2026-04-29T15:42:48","date_gmt":"2026-04-29T13:42:48","guid":{"rendered":"https:\/\/www.tiendashoke.es\/blog\/?p=6711"},"modified":"2026-04-29T15:42:48","modified_gmt":"2026-04-29T13:42:48","slug":"mil-tec-daypack-mochila-tactica-compacta","status":"publish","type":"post","link":"https:\/\/www.tiendashoke.es\/blog\/mil-tec-daypack-mochila-tactica-compacta\/","title":{"rendered":"Nueva Mil-Tec Daypack: La Mochila T\u00e1ctica M\u00e1s Compacta para el d\u00eda a d\u00eda"},"content":{"rendered":"<article>Hay mochilas para cargarlo todo y <a href=\"https:\/\/www.tiendashoke.es\/mochilas-tacticas-10-15-l\">mochilas t\u00e1cticas peque\u00f1as<\/a> para cargar lo necesario. La nueva <strong>Mochila Mil-Tec MFH Daypack 15 L<\/strong> pertenece claramente a la segunda categor\u00eda.Con un formato compacto de <strong>15 litros<\/strong>, construcci\u00f3n en poli\u00e9ster 600D con recubrimiento de PVC y sistema MOLLE, es una de las opciones m\u00e1s equilibradas del mercado para quienes buscan una <strong>mochila t\u00e1ctica peque\u00f1a<\/strong> sin renunciar a la organizaci\u00f3n ni a la durabilidad.<\/p>\n<p>Disponible en tres colores \u2014<a href=\"https:\/\/www.tiendashoke.es\/mochilas-miltec\/mochila-mil-tec-mfh-daypack-15-l-negra\"><strong>negro<\/strong><\/a>, <a href=\"https:\/\/www.tiendashoke.es\/mochilas-miltec\/mochila-mil-tec-mhf-daypack-15l-coyote\"><strong>coyote<\/strong><\/a> y <a href=\"https:\/\/www.tiendashoke.es\/mochilas-miltec\/mochila-mil-tec-mhf-daypack-15-l-verde\"><strong>verde<\/strong><\/a>\u2014 es una mochila que encaja tanto en entornos urbanos como en salidas al campo, excursiones de un d\u00eda o como segunda mochila de apoyo en actividades m\u00e1s exigentes.<\/p>\n<h2>Conoce la mochila t\u00e1ctica compacta: Mil-Tec MFH Daypack 15 L<\/h2>\n<p>La <strong>MFH Daypack 15 L<\/strong> es una mochila t\u00e1ctica de formato reducido fabricada por Mil-Tec, marca de referencia en equipamiento militar y t\u00e1ctico. Est\u00e1 dise\u00f1ada para quien necesita un <strong>acceso r\u00e1pido a lo esencial<\/strong> sin cargar con una mochila voluminosa.<\/p>\n<p>Sus dimensiones de <strong>46 \u00d7 23 \u00d7 12 cm<\/strong> la hacen f\u00e1cil de transportar en cualquier situaci\u00f3n: como mochila de d\u00eda en excursiones, bolsa de trabajo en entornos operativos o complemento de una carga m\u00e1s grande en misiones o rutas largas.<\/p>\n<p>A diferencia de muchas mochilas compactas del mercado, la MFH Daypack no sacrifica funcionalidad por tama\u00f1o. Incorpora sistema MOLLE, panel de velcro para parches, correas ergon\u00f3micas acolchadas y correa de pecho, elementos que habitualmente solo encontramos en modelos de mayor capacidad.<\/p>\n<h2>Caracter\u00edsticas y especificaciones t\u00e9cnicas<\/h2>\n<p><img decoding=\"async\" class=\"aligncenter size-full wp-image-6712 lazyload\" data-src=\"https:\/\/www.tiendashoke.es\/blog\/wp-content\/uploads\/mochila-tactica-compacta-medidas.jpg\" alt=\"mochila tactica compacta medidas\" width=\"500\" height=\"500\" title=\"\" data-srcset=\"https:\/\/www.tiendashoke.es\/blog\/wp-content\/uploads\/mochila-tactica-compacta-medidas.jpg 500w, https:\/\/www.tiendashoke.es\/blog\/wp-content\/uploads\/mochila-tactica-compacta-medidas-300x300.jpg 300w, https:\/\/www.tiendashoke.es\/blog\/wp-content\/uploads\/mochila-tactica-compacta-medidas-150x150.jpg 150w\" data-sizes=\"(max-width: 500px) 100vw, 500px\" src=\"data:image\/svg+xml;base64,PHN2ZyB3aWR0aD0iMSIgaGVpZ2h0PSIxIiB4bWxucz0iaHR0cDovL3d3dy53My5vcmcvMjAwMC9zdmciPjwvc3ZnPg==\" style=\"--smush-placeholder-width: 500px; --smush-placeholder-aspect-ratio: 500\/500;\" \/>Estos son los detalles t\u00e9cnicos que definen este modelo:<\/p>\n<ul>\n<li><strong>Capacidad:<\/strong> 15 litros<\/li>\n<li><strong>Material:<\/strong> 100% poli\u00e9ster 600D con recubrimiento de PVC<\/li>\n<li><strong>Tratamiento exterior:<\/strong> repelente al agua<\/li>\n<li><strong>Dimensiones:<\/strong> 46 \u00d7 23 \u00d7 12 cm<\/li>\n<li><strong>Bolsillo interior:<\/strong> 34 \u00d7 24 cm<\/li>\n<li><strong>Compartimento principal<\/strong> con cremallera de doble v\u00eda y bolsillo interior separado<\/li>\n<li><strong>Bolsillo frontal<\/strong> con cremallera para acceso r\u00e1pido<\/li>\n<li><strong>Panel MOLLE frontal<\/strong> para acoplar bolsillos, porta-revistas u otros accesorios<\/li>\n<li><strong>Cord\u00f3n el\u00e1stico extra\u00edble<\/strong> para fijar objetos ligeros en el exterior<\/li>\n<li><strong>Superficie de velcro<\/strong> para identificadores y parches<\/li>\n<li><strong>Espalda de malla acolchada<\/strong> transpirable<\/li>\n<li><strong>Correas de hombro acolchadas y ajustables<\/strong> con anillas en D<\/li>\n<li><strong>Correa de pecho ajustable<\/strong> con cierre de hebilla<\/li>\n<li><strong>Asa superior<\/strong> para transporte directo<\/li>\n<li><strong>Colores disponibles:<\/strong> negro, coyote, verde<\/li>\n<\/ul>\n<h2>Construcci\u00f3n y materiales: durabilidad sin compromisos<\/h2>\n<p>El poli\u00e9ster 600D con recubrimiento de PVC es el est\u00e1ndar habitual en equipamiento t\u00e1ctico de calidad media-alta. Ofrece una combinaci\u00f3n s\u00f3lida de <strong>resistencia al desgaste, rigidez estructural y comportamiento repelente al agua<\/strong> sin llegar al peso o coste de los tejidos m\u00e1s t\u00e9cnicos.<\/p>\n<p>&nbsp;<\/p>\n<p><img decoding=\"async\" class=\"aligncenter size-full wp-image-6715 lazyload\" data-src=\"https:\/\/www.tiendashoke.es\/blog\/wp-content\/uploads\/mochila-tactica-compacta-materiales.jpg\" alt=\"mochila tactica compacta materiales\" width=\"700\" height=\"345\" title=\"\" data-srcset=\"https:\/\/www.tiendashoke.es\/blog\/wp-content\/uploads\/mochila-tactica-compacta-materiales.jpg 700w, https:\/\/www.tiendashoke.es\/blog\/wp-content\/uploads\/mochila-tactica-compacta-materiales-300x148.jpg 300w\" data-sizes=\"(max-width: 700px) 100vw, 700px\" src=\"data:image\/svg+xml;base64,PHN2ZyB3aWR0aD0iMSIgaGVpZ2h0PSIxIiB4bWxucz0iaHR0cDovL3d3dy53My5vcmcvMjAwMC9zdmciPjwvc3ZnPg==\" style=\"--smush-placeholder-width: 700px; --smush-placeholder-aspect-ratio: 700\/345;\" \/><\/p>\n<p>&nbsp;<\/p>\n<p>Las costuras est\u00e1n reforzadas para aguantar uso continuo. Los cierres de cremallera son simples y robustos, sin mecanismos innecesarios que puedan fallar con el tiempo. El conjunto transmite una sensaci\u00f3n de <strong>construcci\u00f3n honesta y funcional<\/strong>, propia del estilo Mil-Tec.<\/p>\n<p>La espalda en malla acolchada es especialmente \u00fatil en temporadas c\u00e1lidas o cuando se lleva la mochila durante horas. Permite cierta ventilaci\u00f3n entre la espalda y el tejido, reduciendo la acumulaci\u00f3n de calor y sudor.<\/p>\n<h2>Sistema MOLLE y opciones de personalizaci\u00f3n<\/h2>\n<p>Uno de los puntos fuertes de este modelo es la presencia del <strong>sistema MOLLE en la parte frontal<\/strong>. Este est\u00e1ndar de fijaci\u00f3n modular, originalmente desarrollado para equipamiento militar, permite acoplar accesorios compatibles directamente a la mochila sin necesidad de abrirla.<\/p>\n<p>Entre los accesorios m\u00e1s habituales que se pueden fijar mediante MOLLE:<\/p>\n<ul>\n<li>Bolsillos de utilidad o porta-documentos<\/li>\n<li>Estuches de equipamiento<\/li>\n<li>Fundas de radio, linterna o multiherramienta<\/li>\n<li>Bolsillos m\u00e9dicos o de primeros auxilios<\/li>\n<\/ul>\n<p>Adem\u00e1s del MOLLE, la mochila incluye una <strong>superficie de velcro<\/strong> para personalizar con <a href=\"https:\/\/www.tiendashoke.es\/parches-mochilas-tacticas-militares\">parches de identificaci\u00f3n<\/a>, banderas u otros identificadores. El <strong>cord\u00f3n el\u00e1stico extra\u00edble<\/strong> a\u00f1ade una tercera opci\u00f3n de fijaci\u00f3n externa para objetos de uso r\u00e1pido como una chaqueta, una br\u00fajula o un par de guantes.<\/p>\n<h2>Usos principales: \u00bfpara qui\u00e9n est\u00e1 pensada esta mochila?<\/h2>\n<p>La MFH Daypack 15 L es una mochila vers\u00e1til que se adapta bien a perfiles muy distintos. Estos son sus usos m\u00e1s habituales:<\/p>\n<p><strong>Uso diario urbano:<\/strong> Para quien necesita una mochila compacta y resistente para el d\u00eda a d\u00eda. Cabe lo suficiente para llevar port\u00e1til de 13&#8243;, documentos, agua, snacks y accesorios b\u00e1sicos. Su aspecto discreto\u00a0la hace adecuada tambi\u00e9n en entornos de oficina o transporte p\u00fablico.<\/p>\n<p><strong>Senderismo y excursiones de un d\u00eda<\/strong>: 15 litros es el volumen est\u00e1ndar para una salida de un d\u00eda sin pernocta. Permite llevar hidrataci\u00f3n, ropa de abrigo ligera, botiqu\u00edn b\u00e1sico y snacks sin exceso de peso ni volumen.<\/p>\n<p><strong>Uso t\u00e1ctico y operativo como segunda mochila: <\/strong>En contextos de seguridad, patrulla o actividades de airsoft y paintball, esta mochila funciona bien como bolsa de asalto ligera o como complemento de una mochila principal m\u00e1s grande. El sistema MOLLE permite configurarla con el equipo espec\u00edfico necesario para cada misi\u00f3n.<\/p>\n<p><strong>Viaje ligero y transporte de cabina: <\/strong>Sus dimensiones la hacen compatible con la mayor\u00eda de restricciones de equipaje de mano en aerol\u00edneas de bajo coste. Es una buena opci\u00f3n como bolsa personal para viajes cortos o como segunda pieza junto a una maleta.<\/p>\n<div style=\"overflow-x: auto; -webkit-overflow-scrolling: touch; margin-top: 20px;\">\n<table style=\"width: 100%; border-collapse: collapse; min-width: 900px; font-family: Arial, sans-serif;\">\n<tbody>\n<tr style=\"background: #006c2c; color: white; font-weight: bold;\">\n<th style=\"padding: 10px; text-align: left;\"><span style=\"color: #000000;\">Objeto<\/span><\/th>\n<th style=\"padding: 10px; text-align: left;\"><span style=\"color: #000000;\">Medidas aproximadas<\/span><\/th>\n<th style=\"padding: 10px; text-align: left;\"><span style=\"color: #000000;\">\u00bfCabe en la Daypack 15 L?<\/span><\/th>\n<th style=\"padding: 10px; text-align: left;\"><span style=\"color: #000000;\">Uso principal<\/span><\/th>\n<th style=\"padding: 10px; text-align: left;\"><span style=\"color: #000000;\">Notas pr\u00e1cticas<\/span><\/th>\n<\/tr>\n<tr style=\"background: #ffffff; border-bottom: 1px solid #ddd;\">\n<td style=\"padding: 10px; border-right: 1px solid #ccc;\"><strong>Port\u00e1til 13&#8243;<\/strong><\/td>\n<td style=\"padding: 10px; border-right: 1px solid #ccc;\">30 \u00d7 21 \u00d7 1,5 cm<\/td>\n<td style=\"padding: 10px; border-right: 1px solid #ccc;\"><strong>S\u00ed<\/strong> \u2014 ajuste c\u00f3modo en el compartimento principal<\/td>\n<td style=\"padding: 10px; border-right: 1px solid #ccc;\">Urbano<\/td>\n<td style=\"padding: 10px;\">El bolsillo interior (34 \u00d7 24 cm) lo aloja con margen<\/td>\n<\/tr>\n<tr style=\"background: #f2f2f2; border-bottom: 1px solid #ddd;\">\n<td style=\"padding: 10px; border-right: 1px solid #ccc;\"><strong>Port\u00e1til 14&#8243;<\/strong><\/td>\n<td style=\"padding: 10px; border-right: 1px solid #ccc;\">32 \u00d7 22 \u00d7 2 cm<\/td>\n<td style=\"padding: 10px; border-right: 1px solid #ccc;\"><strong>S\u00ed, justo<\/strong> \u2014 recomendable sin funda r\u00edgida<\/td>\n<td style=\"padding: 10px; border-right: 1px solid #ccc;\">Urbano<\/td>\n<td style=\"padding: 10px;\">Modelos delgados (menos de 2 cm) encajan sin problemas<\/td>\n<\/tr>\n<tr style=\"background: #ffffff; border-bottom: 1px solid #ddd;\">\n<td style=\"padding: 10px; border-right: 1px solid #ccc;\"><strong>Tablet \/ iPad 11&#8243;<\/strong><\/td>\n<td style=\"padding: 10px; border-right: 1px solid #ccc;\">25 \u00d7 18 \u00d7 0,6 cm<\/td>\n<td style=\"padding: 10px; border-right: 1px solid #ccc;\"><strong>S\u00ed<\/strong> \u2014 con espacio de sobra<\/td>\n<td style=\"padding: 10px; border-right: 1px solid #ccc;\">Urbano<\/td>\n<td style=\"padding: 10px;\">Cabe junto al port\u00e1til si ambos son delgados<\/td>\n<\/tr>\n<tr style=\"background: #f2f2f2; border-bottom: 1px solid #ddd;\">\n<td style=\"padding: 10px; border-right: 1px solid #ccc;\"><strong>Botella de agua 0,5 L<\/strong><\/td>\n<td style=\"padding: 10px; border-right: 1px solid #ccc;\">\u00d8 7 \u00d7 22 cm<\/td>\n<td style=\"padding: 10px; border-right: 1px solid #ccc;\"><strong>S\u00ed<\/strong> \u2014 en el compartimento principal o sujeta al cord\u00f3n<\/td>\n<td style=\"padding: 10px; border-right: 1px solid #ccc;\">Urbano \/ Outdoor<\/td>\n<td style=\"padding: 10px;\">El cord\u00f3n el\u00e1stico exterior es ideal para tenerla a mano<\/td>\n<\/tr>\n<tr style=\"background: #ffffff; border-bottom: 1px solid #ddd;\">\n<td style=\"padding: 10px; border-right: 1px solid #ccc;\"><strong>Botella de agua 1 L<\/strong><\/td>\n<td style=\"padding: 10px; border-right: 1px solid #ccc;\">\u00d8 8 \u00d7 28 cm<\/td>\n<td style=\"padding: 10px; border-right: 1px solid #ccc;\"><strong>S\u00ed<\/strong>, pero ocupa buena parte del compartimento<\/td>\n<td style=\"padding: 10px; border-right: 1px solid #ccc;\">Outdoor<\/td>\n<td style=\"padding: 10px;\">Mejor optar por bolsa de hidrataci\u00f3n blanda si se necesita m\u00e1s espacio<\/td>\n<\/tr>\n<tr style=\"background: #f2f2f2; border-bottom: 1px solid #ddd;\">\n<td style=\"padding: 10px; border-right: 1px solid #ccc;\"><strong>Chubasquero plegado<\/strong><\/td>\n<td style=\"padding: 10px; border-right: 1px solid #ccc;\">aprox. 20 \u00d7 15 \u00d7 5 cm plegado<\/td>\n<td style=\"padding: 10px; border-right: 1px solid #ccc;\"><strong>S\u00ed<\/strong> \u2014 ocupa el espacio de un neceser peque\u00f1o<\/td>\n<td style=\"padding: 10px; border-right: 1px solid #ccc;\">Outdoor \/ Urbano<\/td>\n<td style=\"padding: 10px;\">Los modelos ultraligeros plegables apenas ocupan espacio<\/td>\n<\/tr>\n<tr style=\"background: #ffffff; border-bottom: 1px solid #ddd;\">\n<td style=\"padding: 10px; border-right: 1px solid #ccc;\"><strong>Capa t\u00e9rmica ligera plegada<\/strong><\/td>\n<td style=\"padding: 10px; border-right: 1px solid #ccc;\">aprox. 20 \u00d7 15 \u00d7 6 cm plegada<\/td>\n<td style=\"padding: 10px; border-right: 1px solid #ccc;\"><strong>S\u00ed<\/strong> \u2014 en el fondo del compartimento principal<\/td>\n<td style=\"padding: 10px; border-right: 1px solid #ccc;\">Outdoor<\/td>\n<td style=\"padding: 10px;\">Las chaquetas de plum\u00f3n ultraligero son las m\u00e1s eficientes en espacio<\/td>\n<\/tr>\n<tr style=\"background: #f2f2f2; border-bottom: 1px solid #ddd;\">\n<td style=\"padding: 10px; border-right: 1px solid #ccc;\"><strong>Botiqu\u00edn compacto<\/strong><\/td>\n<td style=\"padding: 10px; border-right: 1px solid #ccc;\">aprox. 18 \u00d7 12 \u00d7 4 cm<\/td>\n<td style=\"padding: 10px; border-right: 1px solid #ccc;\"><strong>S\u00ed<\/strong> \u2014 en el bolsillo frontal o acoplado al MOLLE<\/td>\n<td style=\"padding: 10px; border-right: 1px solid #ccc;\">Outdoor \/ Urbano<\/td>\n<td style=\"padding: 10px;\">Los modelos con sistema MOLLE se pueden fijar en el panel frontal<\/td>\n<\/tr>\n<tr style=\"background: #ffffff; border-bottom: 1px solid #ddd;\">\n<td style=\"padding: 10px; border-right: 1px solid #ccc;\"><strong>Documentos A4 en carpeta fina<\/strong><\/td>\n<td style=\"padding: 10px; border-right: 1px solid #ccc;\">31 \u00d7 22 \u00d7 0,5 cm<\/td>\n<td style=\"padding: 10px; border-right: 1px solid #ccc;\"><strong>S\u00ed<\/strong> \u2014 caben en el bolsillo interior<\/td>\n<td style=\"padding: 10px; border-right: 1px solid #ccc;\">Urbano<\/td>\n<td style=\"padding: 10px;\">El bolsillo interior (34 \u00d7 24 cm) est\u00e1 pensado para este tipo de objetos planos<\/td>\n<\/tr>\n<tr style=\"background: #f2f2f2; border-bottom: 1px solid #ddd;\">\n<td style=\"padding: 10px; border-right: 1px solid #ccc;\"><strong>Auriculares con estuche<\/strong><\/td>\n<td style=\"padding: 10px; border-right: 1px solid #ccc;\">aprox. 10 \u00d7 8 \u00d7 5 cm<\/td>\n<td style=\"padding: 10px; border-right: 1px solid #ccc;\"><strong>S\u00ed<\/strong> \u2014 en el bolsillo frontal con cremallera<\/td>\n<td style=\"padding: 10px; border-right: 1px solid #ccc;\">Urbano<\/td>\n<td style=\"padding: 10px;\">El bolsillo frontal es ideal para objetos de acceso frecuente<\/td>\n<\/tr>\n<tr style=\"background: #ffffff; border-bottom: 1px solid #ddd;\">\n<td style=\"padding: 10px; border-right: 1px solid #ccc;\"><strong>Linterna t\u00e1ctica compacta<\/strong><\/td>\n<td style=\"padding: 10px; border-right: 1px solid #ccc;\">aprox. 13 \u00d7 3 cm<\/td>\n<td style=\"padding: 10px; border-right: 1px solid #ccc;\"><strong>S\u00ed<\/strong> \u2014 en el bolsillo frontal o sujeta al cord\u00f3n el\u00e1stico<\/td>\n<td style=\"padding: 10px; border-right: 1px solid #ccc;\">Outdoor<\/td>\n<td style=\"padding: 10px;\">Las anillas en D de las correas tambi\u00e9n permiten colgarla con mosquet\u00f3n<\/td>\n<\/tr>\n<tr style=\"background: #f2f2f2; border-bottom: 1px solid #ddd;\">\n<td style=\"padding: 10px; border-right: 1px solid #ccc;\"><strong>Guantes + buff enrollados<\/strong><\/td>\n<td style=\"padding: 10px; border-right: 1px solid #ccc;\">aprox. 15 \u00d7 10 \u00d7 4 cm en conjunto<\/td>\n<td style=\"padding: 10px; border-right: 1px solid #ccc;\"><strong>S\u00ed<\/strong> \u2014 en el bolsillo frontal o sujetos al cord\u00f3n<\/td>\n<td style=\"padding: 10px; border-right: 1px solid #ccc;\">Outdoor<\/td>\n<td style=\"padding: 10px;\">El cord\u00f3n el\u00e1stico exterior es perfecto para objetos de uso r\u00e1pido en ruta<\/td>\n<\/tr>\n<\/tbody>\n<\/table>\n<\/div>\n<h2>Colores disponibles: negro, coyote y verde<\/h2>\n<p>La MFH Daypack 15 L est\u00e1 disponible en tres acabados que responden a usos y preferencias distintas:<\/p>\n<ul>\n<li><strong>Negro:<\/strong> el m\u00e1s vers\u00e1til para uso urbano y entornos profesionales. Discreto y f\u00e1cil de combinar con cualquier equipaci\u00f3n.<\/li>\n<li><strong>Coyote:<\/strong> tono arena de referencia en equipamiento t\u00e1ctico y militar. Ideal para entornos \u00e1ridos o para quien prefiere el est\u00e9tica m\u00e1s operativa.<\/li>\n<li><strong>Verde:<\/strong> cl\u00e1sico en equipamiento militar. Funciona bien en entornos naturales y combina con la mayor\u00eda de uniformes o equipaciones de campo.<\/li>\n<\/ul>\n<p>Los tres colores est\u00e1n fabricados con los mismos materiales y especificaciones t\u00e9cnicas; la elecci\u00f3n es puramente est\u00e9tica y funcional seg\u00fan el contexto de uso.<\/p>\n<h2>Conclusi\u00f3n: \u00bfmerece la pena la Mil-Tec MFH Daypack 15 L?<\/h2>\n<p>La Mil-Tec MFH Daypack 15 L es una mochila t\u00e1ctica compacta que cumple lo que promete: construcci\u00f3n s\u00f3lida, organizaci\u00f3n eficiente y sistema de fijaci\u00f3n modular en un formato que no ocupa ni pesa m\u00e1s de lo necesario.<\/p>\n<p>No es la mochila m\u00e1s t\u00e9cnica del mercado ni la m\u00e1s ligera. Pero en la relaci\u00f3n entre precio, durabilidad y funcionalidad, es dif\u00edcil encontrar algo mejor en su categor\u00eda. Es la opci\u00f3n adecuada para quien necesita una <strong>mochila t\u00e1ctica de uso diario<\/strong> que aguante sin dar problemas.<\/p>\n<p>Si necesitas m\u00e1s capacidad para rutas largas o equipamiento completo, las versiones de 20 o 36 litros de la misma gama son la evoluci\u00f3n natural. Pero si lo que buscas es una mochila compacta, funcional y con est\u00e9tica t\u00e1ctica, la de 15 litros es el punto de partida correcto.<\/p>\n<h2>Comparativa: Mil-Tec 15 L vs 20 L vs 36 L<\/h2>\n<p><img decoding=\"async\" class=\"aligncenter size-full wp-image-6716 lazyload\" data-src=\"https:\/\/www.tiendashoke.es\/blog\/wp-content\/uploads\/mochila-tactica-compacta-miltec-daypack-comparativa.jpg\" alt=\"mochila tactica compacta miltec daypack comparativa\" width=\"921\" height=\"656\" title=\"\" data-srcset=\"https:\/\/www.tiendashoke.es\/blog\/wp-content\/uploads\/mochila-tactica-compacta-miltec-daypack-comparativa.jpg 921w, https:\/\/www.tiendashoke.es\/blog\/wp-content\/uploads\/mochila-tactica-compacta-miltec-daypack-comparativa-300x214.jpg 300w, https:\/\/www.tiendashoke.es\/blog\/wp-content\/uploads\/mochila-tactica-compacta-miltec-daypack-comparativa-768x547.jpg 768w\" data-sizes=\"(max-width: 921px) 100vw, 921px\" src=\"data:image\/svg+xml;base64,PHN2ZyB3aWR0aD0iMSIgaGVpZ2h0PSIxIiB4bWxucz0iaHR0cDovL3d3dy53My5vcmcvMjAwMC9zdmciPjwvc3ZnPg==\" style=\"--smush-placeholder-width: 921px; --smush-placeholder-aspect-ratio: 921\/656;\" \/><\/p>\n<p>La gama de <a href=\"https:\/\/www.tiendashoke.es\/mochilas-miltec\">mochilas t\u00e1cticas Mil-Tec<\/a> incluye varios formatos. Elegir el adecuado depende principalmente del tipo de uso y la duraci\u00f3n de la actividad. Esta tabla resume las diferencias clave:<\/p>\n<div style=\"overflow-x: auto; -webkit-overflow-scrolling: touch; margin-top: 20px;\">\n<table style=\"width: 100%; border-collapse: collapse; min-width: 900px; font-family: Arial, sans-serif;\">\n<tbody>\n<tr style=\"background: #006c2c; color: white; font-weight: bold;\">\n<th style=\"padding: 10px; text-align: left;\"><span style=\"color: #000000;\">Caracter\u00edstica<\/span><\/th>\n<th style=\"padding: 10px; text-align: left;\"><span style=\"color: #000000;\">Mil-Tec MFH Daypack 15 L<\/span><\/th>\n<th style=\"padding: 10px; text-align: left;\"><span style=\"color: #000000;\">Mil-Tec 20 L<\/span><\/th>\n<th style=\"padding: 10px; text-align: left;\"><span style=\"color: #000000;\">Mil-Tec 36 L<\/span><\/th>\n<\/tr>\n<tr style=\"background: #ffffff; border-bottom: 1px solid #ddd;\">\n<td style=\"padding: 10px; border-right: 1px solid #ccc;\"><strong>Capacidad<\/strong><\/td>\n<td style=\"padding: 10px; border-right: 1px solid #ccc;\"><strong>15 litros<\/strong> \u2014 formato compacto para lo esencial<\/td>\n<td style=\"padding: 10px; border-right: 1px solid #ccc;\">20 litros \u2014 volumen medio para salidas con m\u00e1s equipo<\/td>\n<td style=\"padding: 10px;\">36 litros \u2014 formato grande para expediciones o viajes<\/td>\n<\/tr>\n<tr style=\"background: #f2f2f2; border-bottom: 1px solid #ddd;\">\n<td style=\"padding: 10px; border-right: 1px solid #ccc;\"><strong>Uso recomendado<\/strong><\/td>\n<td style=\"padding: 10px; border-right: 1px solid #ccc;\"><strong>Uso diario, excursiones de un d\u00eda, mochila de asalto<\/strong><\/td>\n<td style=\"padding: 10px; border-right: 1px solid #ccc;\">Senderismo de d\u00eda completo, uso t\u00e1ctico intermedio<\/td>\n<td style=\"padding: 10px;\">Rutas de varios d\u00edas, viaje, carga completa de equipo<\/td>\n<\/tr>\n<tr style=\"background: #ffffff; border-bottom: 1px solid #ddd;\">\n<td style=\"padding: 10px; border-right: 1px solid #ccc;\"><strong>Dimensiones (aprox.)<\/strong><\/td>\n<td style=\"padding: 10px; border-right: 1px solid #ccc;\"><strong>46 \u00d7 23 \u00d7 12 cm<\/strong> \u2014 f\u00e1cil de transportar y almacenar<\/td>\n<td style=\"padding: 10px; border-right: 1px solid #ccc;\">Formato intermedio \u2014 m\u00e1s alto y ancho que el de 15 L<\/td>\n<td style=\"padding: 10px;\">Volumen grande \u2014 requiere mayor espacio y distribuci\u00f3n de peso<\/td>\n<\/tr>\n<tr style=\"background: #f2f2f2; border-bottom: 1px solid #ddd;\">\n<td style=\"padding: 10px; border-right: 1px solid #ccc;\"><strong>Sistema MOLLE<\/strong><\/td>\n<td style=\"padding: 10px; border-right: 1px solid #ccc;\"><strong>Panel MOLLE frontal<\/strong><\/td>\n<td style=\"padding: 10px; border-right: 1px solid #ccc;\">Panel MOLLE frontal y lateral<\/td>\n<td style=\"padding: 10px;\">Sistema MOLLE completo en m\u00faltiples paneles<\/td>\n<\/tr>\n<tr style=\"background: #ffffff; border-bottom: 1px solid #ddd;\">\n<td style=\"padding: 10px; border-right: 1px solid #ccc;\"><strong>Compartimentos<\/strong><\/td>\n<td style=\"padding: 10px; border-right: 1px solid #ccc;\">Principal + bolsillo interior + bolsillo frontal<\/td>\n<td style=\"padding: 10px; border-right: 1px solid #ccc;\">Mayor n\u00famero de bolsillos y compartimentos organizadores<\/td>\n<td style=\"padding: 10px;\"><strong>M\u00faltiples compartimentos<\/strong> con mayor capacidad de organizaci\u00f3n<\/td>\n<\/tr>\n<tr style=\"background: #f2f2f2; border-bottom: 1px solid #ddd;\">\n<td style=\"padding: 10px; border-right: 1px solid #ccc;\"><strong>Ergonom\u00eda<\/strong><\/td>\n<td style=\"padding: 10px; border-right: 1px solid #ccc;\">Correas acolchadas + correa de pecho + espalda de malla<\/td>\n<td style=\"padding: 10px; border-right: 1px solid #ccc;\">Sistema similar con mayor soporte lumbar<\/td>\n<td style=\"padding: 10px;\"><strong>Soporte lumbar completo<\/strong>, correa abdominal y sistema de suspensi\u00f3n<\/td>\n<\/tr>\n<tr style=\"background: #ffffff; border-bottom: 1px solid #ddd;\">\n<td style=\"padding: 10px; border-right: 1px solid #ccc;\"><strong>Peso de la mochila<\/strong><\/td>\n<td style=\"padding: 10px; border-right: 1px solid #ccc;\"><strong>Muy ligera<\/strong> \u2014 m\u00ednimo peso sin carga<\/td>\n<td style=\"padding: 10px; border-right: 1px solid #ccc;\">Ligera \u2014 algo m\u00e1s pesada que la de 15 L<\/td>\n<td style=\"padding: 10px;\">Mayor peso propio por la estructura y los sistemas de soporte<\/td>\n<\/tr>\n<tr style=\"background: #f2f2f2; border-bottom: 1px solid #ddd;\">\n<td style=\"padding: 10px; border-right: 1px solid #ccc;\"><strong>Equipaje de cabina<\/strong><\/td>\n<td style=\"padding: 10px; border-right: 1px solid #ccc;\"><strong>Compatible<\/strong> con la mayor\u00eda de aerol\u00edneas de bajo coste<\/td>\n<td style=\"padding: 10px; border-right: 1px solid #ccc;\">Compatible en muchos casos, seg\u00fan aerol\u00ednea<\/td>\n<td style=\"padding: 10px;\">Generalmente no v\u00e1lida como equipaje de mano<\/td>\n<\/tr>\n<\/tbody>\n<\/table>\n<\/div>\n<p><!-- FAQ HTML visible --><\/p>\n<h2>Preguntas frecuentes sobre la Mochila Mil-Tec MFH Daypack 15 L<\/h2>\n<div>\n<div>\n<h3>\u00bfEs la Mil-Tec MFH Daypack 15 L adecuada para uso diario en ciudad?<\/h3>\n<div>\n<p>S\u00ed. Su formato compacto, la resistencia del tejido y la discreci\u00f3n de los colores disponibles \u2014especialmente el negro\u2014 la hacen perfectamente v\u00e1lida para uso urbano diario. Cabe lo suficiente para port\u00e1til peque\u00f1o, documentos, agua y accesorios b\u00e1sicos sin el volumen de una mochila de senderismo.<\/p>\n<\/div>\n<\/div>\n<div>\n<h3>\u00bfQu\u00e9 se puede fijar con el sistema MOLLE de esta mochila?<\/h3>\n<div>\n<p>El panel MOLLE frontal permite acoplar cualquier accesorio compatible con este est\u00e1ndar: bolsillos de utilidad, porta-revistas, estuches de equipo, fundas para radio o linterna, botiquines de primeros auxilios y muchos otros accesorios de equipamiento t\u00e1ctico. Es un sistema modular que permite adaptar la mochila al equipo espec\u00edfico de cada uso.<\/p>\n<\/div>\n<\/div>\n<div>\n<h3>\u00bfEs impermeable la Mochila Mil-Tec MFH Daypack 15 L?<\/h3>\n<div>\n<p>No es impermeable en sentido estricto, pero el recubrimiento de PVC sobre el poli\u00e9ster 600D le confiere una buena resistencia al agua. Repele la lluvia ligera y la humedad ambiental sin problemas. Para lluvia intensa o inmersi\u00f3n, se recomienda el uso de una funda de lluvia adicional.<\/p>\n<\/div>\n<\/div>\n<div>\n<h3>\u00bfCu\u00e1ndo elegir la de 15 L y cu\u00e1ndo la de 20 o 36 L?<\/h3>\n<div>\n<p>La de 15 L es la opci\u00f3n correcta para excursiones de un d\u00eda, uso diario o como mochila de asalto ligera. La de 20 L es m\u00e1s adecuada cuando se necesita algo m\u00e1s de capacidad sin llegar al volumen grande. La de 36 L est\u00e1 pensada para rutas de varios d\u00edas, viajes o cuando se necesita transportar equipo completo. La elecci\u00f3n depende principalmente de la duraci\u00f3n y la cantidad de equipo necesaria.<\/p>\n<\/div>\n<\/div>\n<div>\n<h3>\u00bfSe puede llevar como equipaje de mano en el avi\u00f3n?<\/h3>\n<div>\n<p>En la mayor\u00eda de los casos s\u00ed. Con dimensiones de 46 \u00d7 23 \u00d7 12 cm, se ajusta a los l\u00edmites de equipaje de mano de muchas aerol\u00edneas de bajo coste, que habitualmente permiten una pieza de hasta 40 \u00d7 20 \u00d7 25 cm o similar. Se recomienda comprobar las restricciones espec\u00edficas de cada aerol\u00ednea antes de viajar, ya que las normas var\u00edan.<\/p>\n<\/div>\n<\/div>\n<\/div>\n<p><!-- FAQ JSON-LD --><br \/>\n<script type=\"application\/ld+json\">\n  {\n    \"@context\": \"https:\/\/schema.org\",\n    \"@type\": \"FAQPage\",\n    \"mainEntity\": [\n      {\n        \"@type\": \"Question\",\n        \"name\": \"\u00bfEs la Mil-Tec MFH Daypack 15 L adecuada para uso diario en ciudad?\",\n        \"acceptedAnswer\": {\n          \"@type\": \"Answer\",\n          \"text\": \"S\u00ed. Su formato compacto, la resistencia del tejido y la discreci\u00f3n de los colores disponibles \u2014especialmente el negro\u2014 la hacen perfectamente v\u00e1lida para uso urbano diario. Cabe lo suficiente para port\u00e1til peque\u00f1o, documentos, agua y accesorios b\u00e1sicos sin el volumen de una mochila de senderismo.\"\n        }\n      },\n      {\n        \"@type\": \"Question\",\n        \"name\": \"\u00bfQu\u00e9 se puede fijar con el sistema MOLLE de esta mochila?\",\n        \"acceptedAnswer\": {\n          \"@type\": \"Answer\",\n          \"text\": \"El panel MOLLE frontal permite acoplar cualquier accesorio compatible con este est\u00e1ndar: bolsillos de utilidad, porta-revistas, estuches de equipo, fundas para radio o linterna, botiquines de primeros auxilios y muchos otros accesorios de equipamiento t\u00e1ctico.\"\n        }\n      },\n      {\n        \"@type\": \"Question\",\n        \"name\": \"\u00bfEs impermeable la Mochila Mil-Tec MFH Daypack 15 L?\",\n        \"acceptedAnswer\": {\n          \"@type\": \"Answer\",\n          \"text\": \"No es impermeable en sentido estricto, pero el recubrimiento de PVC sobre el poli\u00e9ster 600D le confiere una buena resistencia al agua. Repele la lluvia ligera y la humedad ambiental sin problemas. Para lluvia intensa o inmersi\u00f3n, se recomienda el uso de una funda de lluvia adicional.\"\n        }\n      },\n      {\n        \"@type\": \"Question\",\n        \"name\": \"\u00bfCu\u00e1ndo elegir la de 15 L y cu\u00e1ndo la de 20 o 36 L?\",\n        \"acceptedAnswer\": {\n          \"@type\": \"Answer\",\n          \"text\": \"La de 15 L es la opci\u00f3n correcta para excursiones de un d\u00eda, uso diario o como mochila de asalto ligera. La de 20 L es m\u00e1s adecuada cuando se necesita algo m\u00e1s de capacidad sin llegar al volumen grande. La de 36 L est\u00e1 pensada para rutas de varios d\u00edas, viajes o cuando se necesita transportar equipo completo.\"\n        }\n      },\n      {\n        \"@type\": \"Question\",\n        \"name\": \"\u00bfSe puede llevar como equipaje de mano en el avi\u00f3n?\",\n        \"acceptedAnswer\": {\n          \"@type\": \"Answer\",\n          \"text\": \"En la mayor\u00eda de los casos s\u00ed. Con dimensiones de 46 \u00d7 23 \u00d7 12 cm, se ajusta a los l\u00edmites de equipaje de mano de muchas aerol\u00edneas de bajo coste. Se recomienda comprobar las restricciones espec\u00edficas de cada aerol\u00ednea antes de viajar.\"\n        }\n      }\n    ]\n  }\n  <\/script><\/p>\n<\/article>\n","protected":false},"excerpt":{"rendered":"<p>Hay mochilas para cargarlo todo y mochilas t\u00e1cticas peque\u00f1as para cargar lo necesario. La nueva Mochila Mil-Tec MFH Daypack 15 L pertenece claramente a la segunda categor\u00eda.Con un formato compacto de 15 litros, construcci\u00f3n en poli\u00e9ster 600D con recubrimiento de PVC y sistema MOLLE, es una de las opciones m\u00e1s equilibradas del mercado para quienes buscan una mochila t\u00e1ctica peque\u00f1a sin renunciar a la organizaci\u00f3n ni a la durabilidad. Disponible en tres colores \u2014negro, coyote y verde\u2014 es una mochila que encaja tanto en entornos urbanos como en salidas al campo, excursiones de un d\u00eda o como segunda mochila de apoyo en actividades m\u00e1s exigentes. Conoce la mochila t\u00e1ctica compacta: Mil-Tec MFH Daypack 15 L La MFH Daypack 15 L es una mochila t\u00e1ctica de formato reducido fabricada por Mil-Tec, marca de referencia en equipamiento militar y t\u00e1ctico. Est\u00e1 dise\u00f1ada para quien necesita un acceso r\u00e1pido a lo esencial sin cargar con una mochila voluminosa. Sus dimensiones de 46 \u00d7 23 \u00d7 12 cm la hacen f\u00e1cil de transportar en cualquier situaci\u00f3n: como mochila de d\u00eda en excursiones, bolsa de trabajo en entornos operativos o complemento de una carga m\u00e1s grande en misiones o rutas largas. A diferencia de muchas [&hellip;]<\/p>\n","protected":false},"author":3,"featured_media":6713,"comment_status":"open","ping_status":"open","sticky":false,"template":"","format":"standard","meta":{"footnotes":""},"categories":[616],"tags":[36,645],"class_list":["post-6711","post","type-post","status-publish","format-standard","has-post-thumbnail","hentry","category-material-equipamiento","tag-mochilas-bolsas","tag-reviews-comparativas-mochilas-militares-bolsas"],"_links":{"self":[{"href":"https:\/\/www.tiendashoke.es\/blog\/wp-json\/wp\/v2\/posts\/6711","targetHints":{"allow":["GET"]}}],"collection":[{"href":"https:\/\/www.tiendashoke.es\/blog\/wp-json\/wp\/v2\/posts"}],"about":[{"href":"https:\/\/www.tiendashoke.es\/blog\/wp-json\/wp\/v2\/types\/post"}],"author":[{"embeddable":true,"href":"https:\/\/www.tiendashoke.es\/blog\/wp-json\/wp\/v2\/users\/3"}],"replies":[{"embeddable":true,"href":"https:\/\/www.tiendashoke.es\/blog\/wp-json\/wp\/v2\/comments?post=6711"}],"version-history":[{"count":4,"href":"https:\/\/www.tiendashoke.es\/blog\/wp-json\/wp\/v2\/posts\/6711\/revisions"}],"predecessor-version":[{"id":6719,"href":"https:\/\/www.tiendashoke.es\/blog\/wp-json\/wp\/v2\/posts\/6711\/revisions\/6719"}],"wp:featuredmedia":[{"embeddable":true,"href":"https:\/\/www.tiendashoke.es\/blog\/wp-json\/wp\/v2\/media\/6713"}],"wp:attachment":[{"href":"https:\/\/www.tiendashoke.es\/blog\/wp-json\/wp\/v2\/media?parent=6711"}],"wp:term":[{"taxonomy":"category","embeddable":true,"href":"https:\/\/www.tiendashoke.es\/blog\/wp-json\/wp\/v2\/categories?post=6711"},{"taxonomy":"post_tag","embeddable":true,"href":"https:\/\/www.tiendashoke.es\/blog\/wp-json\/wp\/v2\/tags?post=6711"}],"curies":[{"name":"wp","href":"https:\/\/api.w.org\/{rel}","templated":true}]}}