{"id":872,"date":"2015-06-11T11:02:15","date_gmt":"2015-06-11T10:02:15","guid":{"rendered":"http:\/\/www.tiendashoke.es\/blog\/?p=872"},"modified":"2019-06-20T11:38:26","modified_gmt":"2019-06-20T10:38:26","slug":"espana-celebra-el-dia-de-las-fuerzas-armadas-con-271-actos-en-todo-el-territorio","status":"publish","type":"post","link":"https:\/\/www.tiendashoke.es\/blog\/espana-celebra-el-dia-de-las-fuerzas-armadas-con-271-actos-en-todo-el-territorio\/","title":{"rendered":"Espa\u00f1a celebra el D\u00eda de las Fuerzas Armadas con 271 actos en todo el territorio"},"content":{"rendered":"<p class=\"p1\" style=\"text-align: justify\">Nuestro espacio a\u00e9reo est\u00e1 vigilado las 24 horas al d\u00eda y los 365 d\u00edas al a\u00f1o gracias a decenas de miles de personas que velan por nuestra seguridad. El pasado s\u00e1bado 6 de junio tuvo lugar en Madrid la celebraci\u00f3n del <b>D\u00eda de las Fuerzas Armadas:<\/b> conciertos, desfiles, exposiciones y una serie de actos que se desarrollaron en\u00a0 las plazas m\u00e1s emblem\u00e1ticas de la capital. Ha sido<b> el primer D\u00eda de las Fuerzas Armadas para Don Felipe como Rey de Espa\u00f1a.<\/b>\u00a0 En SHOKE lo hemos vivido desde cerca.<\/p>\n<p class=\"p1\"><a href=\"https:\/\/www.tiendashoke.es\/blog\/wp-content\/uploads\/FOTO-de-Juan-carlos-hidalgo-.jpg\"><img decoding=\"async\" class=\"aligncenter size-medium wp-image-874 lazyload\" data-src=\"https:\/\/www.tiendashoke.es\/blog\/wp-content\/uploads\/FOTO-de-Juan-carlos-hidalgo--300x200.jpg\" alt=\"FOTO de Juan carlos hidalgo\" width=\"300\" height=\"200\" title=\"\" data-srcset=\"https:\/\/www.tiendashoke.es\/blog\/wp-content\/uploads\/FOTO-de-Juan-carlos-hidalgo--300x200.jpg 300w, https:\/\/www.tiendashoke.es\/blog\/wp-content\/uploads\/FOTO-de-Juan-carlos-hidalgo-.jpg 800w\" data-sizes=\"(max-width: 300px) 100vw, 300px\" src=\"data:image\/svg+xml;base64,PHN2ZyB3aWR0aD0iMSIgaGVpZ2h0PSIxIiB4bWxucz0iaHR0cDovL3d3dy53My5vcmcvMjAwMC9zdmciPjwvc3ZnPg==\" style=\"--smush-placeholder-width: 300px; --smush-placeholder-aspect-ratio: 300\/200;\" \/><\/a><\/p>\n<p class=\"p3\" style=\"text-align: justify\"><span class=\"s1\">A\u00a0primera hora del s\u00e1bado tuvo lugar <b>el izado solemne de la Bandera Nacional en la Plaza de Col\u00f3n<\/b>, una ense\u00f1a de 290 metros cuadrados en un acto presidido por el jefe de Estado Mayor de la Defensa (JEMAD), el almirante general Fernando Garc\u00eda S\u00e1nchez. Los Reyes de Espa\u00f1a llegaron a mediod\u00eda a la madrile\u00f1a Plaza de la Lealtad. <\/span><\/p>\n<p class=\"p3\" style=\"text-align: justify\"><span class=\"s1\">Tras recibir los honores de ordenanza por parte de una compa\u00f1\u00eda de la Guardia Real, <\/span><span class=\"s1\">Don Felipe dep\u00f3sito <b>una corona de laurel<\/b> ante el monumento a los ca\u00eddos en un homenaje a quienes dieron su vida por Espa\u00f1a. El rey presidi\u00f3 el acto como capit\u00e1n general de los ej\u00e9rcitos, en calidad de jefe supremo de las fuerzas armadas. Tanto Felipe VI como la reina Leticia fueron acogidos con aplausos y gritos de \u2018viva Espa\u00f1a\u2019 y \u2018viva la Corona\u2019 por parte de\u00a0 cientos de personas que acudieron a la celebraci\u00f3n.\u00a0<\/span><\/p>\n<p class=\"p3\" style=\"text-align: justify\"><span class=\"s1\">La Patrulla \u00c1guila del Ej\u00e9rcito del Aire sobrevol\u00f3 el Paseo del Prado de Madrid y una parada militar llev\u00f3 a cabo un recorrido desde la Plaza de Neptuno hasta Cibeles. Ambiente de festejo para conmemorar el esfuerzo de estos profesionales. <b>Gracias a ellos Espa\u00f1a es es hoy un pa\u00eds seguro<\/b>.<\/span><\/p>\n<p class=\"p3\" style=\"text-align: justify\"><span class=\"s1\">La mayor\u00eda de los ciudadanos tiene en mente\u00a0\u00a0el\u00a012 de octubre (Fiesta Nacional) como un d\u00eda para homenajear al Ej\u00e9rcito pero es el 6 de junio cuando se celebra<b>\u00a0El D\u00eda de las Fuerzas Armadas\u00a0<\/b>(DIFAS).\u00a0 El origen de este festejo se remonta al a\u00f1o 1978.\u00a0 Los Ej\u00e9rcitos, como su fiesta, se han adaptado a los tiempos que vivimos y este a\u00f1o se ha repetido el mismo formato austero de las tres \u00faltimas ediciones. El presupuesto, algo superior al del a\u00f1o pasado, ha sido de 139.000 euros, como <a href=\"http:\/\/politica.elpais.com\/politica\/2014\/05\/28\/actualidad\/1401278605_303826.html\" rel=\"noopener\"><span class=\"s2\">se\u00f1alan algunos medios.<\/span><\/a>\u00a0 Los actos no pasaron desapercibidos en las <strong>redes sociales<\/strong> que recogieron las muestras de afecto y gratitud a trav\u00e9s de la etiqueta <a href=\"http:\/\/www.elmundo.es\/espana\/2015\/06\/06\/5572dcd222601d1b578b4576.html\" rel=\"noopener\"><span class=\"s2\"><b>#GraciasMILitares<\/b><\/span><\/a>, propuesta por el ministerio de Defensa de Espa\u00f1a. Todo para acompa\u00f1ar y dar apoyo a los profesionales que cada d\u00eda velan por la seguridad ciudadana dentro y fuera de nuestras fronteras.<\/span><\/p>\n","protected":false},"excerpt":{"rendered":"<p>Nuestro espacio a\u00e9reo est\u00e1 vigilado las 24 horas al d\u00eda y los 365 d\u00edas al a\u00f1o gracias a decenas de miles de personas que velan por nuestra seguridad. El pasado s\u00e1bado 6 de junio tuvo lugar en Madrid la celebraci\u00f3n del D\u00eda de las Fuerzas Armadas: conciertos, desfiles, exposiciones y una serie de actos que se desarrollaron en\u00a0 las plazas m\u00e1s emblem\u00e1ticas de la capital. Ha sido el primer D\u00eda de las Fuerzas Armadas para Don Felipe como Rey de Espa\u00f1a.\u00a0 En SHOKE lo hemos vivido desde cerca. A\u00a0primera hora del s\u00e1bado tuvo lugar el izado solemne de la Bandera Nacional en la Plaza de Col\u00f3n, una ense\u00f1a de 290 metros cuadrados en un acto presidido por el jefe de Estado Mayor de la Defensa (JEMAD), el almirante general Fernando Garc\u00eda S\u00e1nchez. Los Reyes de Espa\u00f1a llegaron a mediod\u00eda a la madrile\u00f1a Plaza de la Lealtad. Tras recibir los honores de ordenanza por parte de una compa\u00f1\u00eda de la Guardia Real, Don Felipe dep\u00f3sito una corona de laurel ante el monumento a los ca\u00eddos en un homenaje a quienes dieron su vida por Espa\u00f1a. El rey presidi\u00f3 el acto como capit\u00e1n general de los ej\u00e9rcitos, en calidad de jefe supremo [&hellip;]<\/p>\n","protected":false},"author":3,"featured_media":873,"comment_status":"open","ping_status":"open","sticky":false,"template":"","format":"standard","meta":{"footnotes":""},"categories":[1],"tags":[174,30,87],"class_list":["post-872","post","type-post","status-publish","format-standard","has-post-thumbnail","hentry","category-varios","tag-articulos-de-defensa","tag-guantes-anticorte","tag-ropa-tactica"],"_links":{"self":[{"href":"https:\/\/www.tiendashoke.es\/blog\/wp-json\/wp\/v2\/posts\/872","targetHints":{"allow":["GET"]}}],"collection":[{"href":"https:\/\/www.tiendashoke.es\/blog\/wp-json\/wp\/v2\/posts"}],"about":[{"href":"https:\/\/www.tiendashoke.es\/blog\/wp-json\/wp\/v2\/types\/post"}],"author":[{"embeddable":true,"href":"https:\/\/www.tiendashoke.es\/blog\/wp-json\/wp\/v2\/users\/3"}],"replies":[{"embeddable":true,"href":"https:\/\/www.tiendashoke.es\/blog\/wp-json\/wp\/v2\/comments?post=872"}],"version-history":[{"count":0,"href":"https:\/\/www.tiendashoke.es\/blog\/wp-json\/wp\/v2\/posts\/872\/revisions"}],"wp:featuredmedia":[{"embeddable":true,"href":"https:\/\/www.tiendashoke.es\/blog\/wp-json\/wp\/v2\/media\/873"}],"wp:attachment":[{"href":"https:\/\/www.tiendashoke.es\/blog\/wp-json\/wp\/v2\/media?parent=872"}],"wp:term":[{"taxonomy":"category","embeddable":true,"href":"https:\/\/www.tiendashoke.es\/blog\/wp-json\/wp\/v2\/categories?post=872"},{"taxonomy":"post_tag","embeddable":true,"href":"https:\/\/www.tiendashoke.es\/blog\/wp-json\/wp\/v2\/tags?post=872"}],"curies":[{"name":"wp","href":"https:\/\/api.w.org\/{rel}","templated":true}]}}