{"id":889,"date":"2015-06-22T19:23:57","date_gmt":"2015-06-22T18:23:57","guid":{"rendered":"http:\/\/www.tiendashoke.es\/blog\/?p=889"},"modified":"2019-06-20T11:38:26","modified_gmt":"2019-06-20T10:38:26","slug":"ha-bajado-la-sensacion-de-miedo-respecto-a-la-amenaza-yihadista-en-espana","status":"publish","type":"post","link":"https:\/\/www.tiendashoke.es\/blog\/ha-bajado-la-sensacion-de-miedo-respecto-a-la-amenaza-yihadista-en-espana\/","title":{"rendered":"\u00bfHa bajado la sensaci\u00f3n de miedo respecto a la amenaza Yihadista en Espa\u00f1a?"},"content":{"rendered":"<p class=\"p1\" style=\"text-align: justify\">El intento de un grupo de talibanes de asalto al Parlamento de Afganist\u00e1n ha vuelto a poner el foco de la actualidad en Oriente Medio. En\u00a0SHOKE hemos notado un repunte en las ventas de equipamiento policial desde el pasado enero, momento en el que tuvieron lugar los terribles\u00a0 atentados en la sede de la revista Charlie Hebdo. En estos primeros 6 meses de a\u00f1o, los chalecos antibalas y armas son de los equipamientos que m\u00e1s incremento en ventas han experimentado. Muchos de los agentes espa\u00f1oles, aparte de su arma de dotaci\u00f3n, han apostado por adquirir <b>un segundo arma al que tienen derecho<\/b>. Todo indica a que hay una <b>mayor amenaza ante ataques terroristas en Occidente<\/b>. Desde SHOKE hemos preguntado un experto sobre Oriente Medio sobre este tema del que ya hablamos <a href=\"\/blog\/la-creciente-amenaza-yihadista-y-la-respuesta-de-espana\/\" target=\"_blank\"><span class=\"s2\">hace unas semanas.<\/span><\/a><\/p>\n<p class=\"p1\" style=\"text-align: justify\"><a href=\"https:\/\/www.tiendashoke.es\/blog\/wp-content\/uploads\/yihan-diario-de-navarra-.jpg\"><img decoding=\"async\" class=\"aligncenter size-medium wp-image-890 lazyload\" data-src=\"https:\/\/www.tiendashoke.es\/blog\/wp-content\/uploads\/yihan-diario-de-navarra--300x200.jpg\" alt=\"yihan diario de navarra\" width=\"300\" height=\"200\" title=\"\" data-srcset=\"https:\/\/www.tiendashoke.es\/blog\/wp-content\/uploads\/yihan-diario-de-navarra--300x200.jpg 300w, https:\/\/www.tiendashoke.es\/blog\/wp-content\/uploads\/yihan-diario-de-navarra-.jpg 990w\" data-sizes=\"(max-width: 300px) 100vw, 300px\" src=\"data:image\/svg+xml;base64,PHN2ZyB3aWR0aD0iMSIgaGVpZ2h0PSIxIiB4bWxucz0iaHR0cDovL3d3dy53My5vcmcvMjAwMC9zdmciPjwvc3ZnPg==\" style=\"--smush-placeholder-width: 300px; --smush-placeholder-aspect-ratio: 300\/200;\" \/><\/a><\/p>\n<p class=\"p1\" style=\"text-align: justify\"><span class=\"s1\">\u2018La compra de este nuevo material es la consecuencia de un clima de p\u00e1nico vivido tras el atentado de Charlie\u00a0Hebdo en Par\u00eds\u2019, apunta <a href=\"https:\/\/twitter.com\/Alej_Marti\" target=\"_blank\" rel=\"noopener\"><span class=\"s2\">Alejandro Mart\u00ed<\/span><\/a> para SHOKE. Este <b>analista especializado en Oriente Medio <\/b>indica que los \u00faltimos atentados producidos en suelo europeo se han dirigido contra <b>objetivos blandos<\/b>, m\u00e1s sencillos de atacar y con mayor repercusi\u00f3n en los medios de comunicaci\u00f3n al tratarse de objetivos puramente civiles.<\/span><\/p>\n<p class=\"p3\" style=\"text-align: justify\"><span class=\"s1\">Afortunadamente en Espa\u00f1a vivimos en paz pero esta amenaza a alg\u00fan tipo de atentado por parte de los Yihadistas radicales <b>sigue estando latente<\/b>. \u2018Espa\u00f1a forma parte de los objetivos estrat\u00e9gicos de la yihad global\u2019, reconoci\u00f3, ya en marzo, el ministro del Interior, Jorge Fern\u00e1ndez D\u00edaz, <a href=\"http:\/\/www.elmundo.es\/internacional\/2014\/09\/03\/540768e0ca4741406e8b456b.html\" target=\"_blank\" rel=\"noopener\"><span class=\"s2\">tras el desmantelamiento de una c\u00e9lula terrorista<\/span><\/a>.\u00a0 Desde algunos medios de comunicaci\u00f3n como <a href=\"http:\/\/eldiario.es\/\" rel=\"noopener\"><span class=\"s2\">eldiario.es<\/span><\/a> apuntan que la formaci\u00f3n del Estado Isl\u00e1mico es una de las consecuencias de las necesarias revueltas \u00e1rabes y de los fracasos occidentales. Con ello, el surgimiento del Estado Isl\u00e1mico es el efecto de un vac\u00edo pol\u00edtico generalizado que muestra que no se sabe qu\u00e9 hacer con los nuevos escenarios de Oriente Medio.<\/span><\/p>\n<p class=\"p3\" style=\"text-align: justify\"><a href=\"https:\/\/www.tiendashoke.es\/blog\/wp-content\/uploads\/yihad-shoke-foto-zoomnews-.jpg\"><img decoding=\"async\" class=\"aligncenter size-medium wp-image-891 lazyload\" data-src=\"https:\/\/www.tiendashoke.es\/blog\/wp-content\/uploads\/yihad-shoke-foto-zoomnews--300x170.jpg\" alt=\"yihad shoke foto zoomnews\" width=\"300\" height=\"170\" title=\"\" data-srcset=\"https:\/\/www.tiendashoke.es\/blog\/wp-content\/uploads\/yihad-shoke-foto-zoomnews--300x170.jpg 300w, https:\/\/www.tiendashoke.es\/blog\/wp-content\/uploads\/yihad-shoke-foto-zoomnews-.jpg 1000w\" data-sizes=\"(max-width: 300px) 100vw, 300px\" src=\"data:image\/svg+xml;base64,PHN2ZyB3aWR0aD0iMSIgaGVpZ2h0PSIxIiB4bWxucz0iaHR0cDovL3d3dy53My5vcmcvMjAwMC9zdmciPjwvc3ZnPg==\" style=\"--smush-placeholder-width: 300px; --smush-placeholder-aspect-ratio: 300\/170;\" \/><\/a><\/p>\n<p class=\"p1\" style=\"text-align: justify\"><span class=\"s1\"><b>\u00bfQu\u00e9 se puede hacer para paliar este problema desde Espa\u00f1a?<\/b> La mayor parte de las maniobras de los yihadistas son psicol\u00f3gicas, intentan aterrorizar a sus opositores <b>inundando las redes sociales con im\u00e1genes y v\u00eddeos<\/b> y por ello la situaci\u00f3n sobre este hecho se ha complicado. Lo\u00a0 que hace pocos meses era un problema sectario y regional, es ahora, seg\u00fan EEUU,<b> la amenaza m\u00e1s peligrosa con la que se ha enfrentado en a\u00f1os<\/b>. De 800 combatientes han pasado a 17.000, armados con el arsenal estadounidense que han ido obteniendo durante sus victorias sobre el Ej\u00e9rcito iraqu\u00ed.<\/span><\/p>\n<p class=\"p1\" style=\"text-align: justify\"><span class=\"s1\"><b>Alejandro Mart\u00ed<\/b> opina que la respuesta de Espa\u00f1a ante esta amenaza pasa, por una parte, por trabajar dentro de una estrategia hol\u00edstica y a largo plazo, con las comunidades musulmanas en nuestro pa\u00eds para aislar a los elementos radicales e <b>impedir la expansi\u00f3n de estas tendencias<\/b>, contrarrestando la narrativa yihadista. \u2018Hay que mantener una labor activa contra los miembros de las c\u00e9lulas yihadistas, como viene sucedido hasta ahora, por parte de las Fuerzas y Cuerpos de Seguridad del estado, siempre apoyadas por las unidades de informaci\u00f3n de los diferentes cuerpos\u2019, recalca Mart\u00ed.<\/span><\/p>\n<p class=\"p3\" style=\"text-align: justify\"><span class=\"s1\">La escritora Patricia Almarcegui recalca en <a href=\"http:\/\/www.eldiario.es\/zonacritica\/Islamico-mayor-amenaza-Occidente_6_353874637.html\" target=\"_blank\" rel=\"noopener\"><span class=\"s2\">un art\u00edculo de eldiario.es <\/span><\/a>que esta <b>lucha contra el Estado Isl\u00e1mico<\/b> significa aplicar la guerra contra el terrorismo y olvidar la protecci\u00f3n de las minor\u00edas de la misma forma que siempre: la colonial.\u00a0 \u00a0<\/span><\/p>\n<p class=\"p3\" style=\"text-align: justify\"><span class=\"s1\">La escritora indica que hay que actuar de forma diferente frente ante el Estado Isl\u00e1mico porque esta amenaza est\u00e1 ah\u00ed y no solo para Occidente y los cristianos sino<b> tambi\u00e9n para Oriente y el islam. <\/b>\u2018Enfrentarse a \u00e9l, como la gran y \u00fanica amenaza, significar\u00eda repetir \u201cm\u00e1s de lo mismo\u201d. Urge volver sobre los factores de inestabilidad de las regiones implicadas y de los lugares en los que se pueden proyectar\u2019, explica en el articulo.\u00a0<\/span><\/p>\n<p class=\"p3\" style=\"text-align: justify\"><span class=\"s1\">Desde SHOKE velamos por la seguridad del ciudadano y queremos recordar que toda precauci\u00f3n es poca. Los Cuerpos y Fuerzas de Seguridad del Estado han de estar equipados con el mejor material, aquel que garantice la protecci\u00f3n tanto de los agentes como de la ciudadan\u00eda de nuestro pa\u00eds.<\/span><\/p>\n","protected":false},"excerpt":{"rendered":"<p>El intento de un grupo de talibanes de asalto al Parlamento de Afganist\u00e1n ha vuelto a poner el foco de la actualidad en Oriente Medio. En\u00a0SHOKE hemos notado un repunte en las ventas de equipamiento policial desde el pasado enero, momento en el que tuvieron lugar los terribles\u00a0 atentados en la sede de la revista Charlie Hebdo. En estos primeros 6 meses de a\u00f1o, los chalecos antibalas y armas son de los equipamientos que m\u00e1s incremento en ventas han experimentado. Muchos de los agentes espa\u00f1oles, aparte de su arma de dotaci\u00f3n, han apostado por adquirir un segundo arma al que tienen derecho. Todo indica a que hay una mayor amenaza ante ataques terroristas en Occidente. Desde SHOKE hemos preguntado un experto sobre Oriente Medio sobre este tema del que ya hablamos hace unas semanas. \u2018La compra de este nuevo material es la consecuencia de un clima de p\u00e1nico vivido tras el atentado de Charlie\u00a0Hebdo en Par\u00eds\u2019, apunta Alejandro Mart\u00ed para SHOKE. Este analista especializado en Oriente Medio indica que los \u00faltimos atentados producidos en suelo europeo se han dirigido contra objetivos blandos, m\u00e1s sencillos de atacar y con mayor repercusi\u00f3n en los medios de comunicaci\u00f3n al tratarse de objetivos puramente [&hellip;]<\/p>\n","protected":false},"author":3,"featured_media":891,"comment_status":"open","ping_status":"open","sticky":false,"template":"","format":"standard","meta":{"footnotes":""},"categories":[1],"tags":[174],"class_list":["post-889","post","type-post","status-publish","format-standard","has-post-thumbnail","hentry","category-varios","tag-articulos-de-defensa"],"_links":{"self":[{"href":"https:\/\/www.tiendashoke.es\/blog\/wp-json\/wp\/v2\/posts\/889","targetHints":{"allow":["GET"]}}],"collection":[{"href":"https:\/\/www.tiendashoke.es\/blog\/wp-json\/wp\/v2\/posts"}],"about":[{"href":"https:\/\/www.tiendashoke.es\/blog\/wp-json\/wp\/v2\/types\/post"}],"author":[{"embeddable":true,"href":"https:\/\/www.tiendashoke.es\/blog\/wp-json\/wp\/v2\/users\/3"}],"replies":[{"embeddable":true,"href":"https:\/\/www.tiendashoke.es\/blog\/wp-json\/wp\/v2\/comments?post=889"}],"version-history":[{"count":0,"href":"https:\/\/www.tiendashoke.es\/blog\/wp-json\/wp\/v2\/posts\/889\/revisions"}],"wp:featuredmedia":[{"embeddable":true,"href":"https:\/\/www.tiendashoke.es\/blog\/wp-json\/wp\/v2\/media\/891"}],"wp:attachment":[{"href":"https:\/\/www.tiendashoke.es\/blog\/wp-json\/wp\/v2\/media?parent=889"}],"wp:term":[{"taxonomy":"category","embeddable":true,"href":"https:\/\/www.tiendashoke.es\/blog\/wp-json\/wp\/v2\/categories?post=889"},{"taxonomy":"post_tag","embeddable":true,"href":"https:\/\/www.tiendashoke.es\/blog\/wp-json\/wp\/v2\/tags?post=889"}],"curies":[{"name":"wp","href":"https:\/\/api.w.org\/{rel}","templated":true}]}}